{"id":10061,"date":"2025-01-04T14:20:40","date_gmt":"2025-01-04T14:20:40","guid":{"rendered":"https:\/\/revistatrend.com\/?p=10061"},"modified":"2025-01-04T14:20:40","modified_gmt":"2025-01-04T14:20:40","slug":"ja-kush-eshte-vendi-i-pare-qe-ndaloi-cigaret-elektronike","status":"publish","type":"post","link":"https:\/\/revistatrend.com\/index.php\/2025\/01\/04\/ja-kush-eshte-vendi-i-pare-qe-ndaloi-cigaret-elektronike\/","title":{"rendered":"Ja kush \u00ebsht\u00eb vendi i par\u00eb q\u00eb ndaloi cigaret elektronike!"},"content":{"rendered":"<p>Belgjika \u00ebsht\u00eb b\u00ebr\u00eb vendi i par\u00eb n\u00eb Europ\u00eb q\u00eb ndalon shitjen e cigareve elektronike t\u00eb njohura si \u201cPuff\u201d. Ky vendim, i marr\u00eb nga Ministria e Sh\u00ebndet\u00ebsis\u00eb belge, ka hyre n\u00eb fuqi m\u00eb 1 janar 2025 dhe synon t\u00eb frenoj\u00eb p\u00ebrhapjen e k\u00ebtyre produkteve, ve\u00e7an\u00ebrisht mes t\u00eb rinjve.<\/p>\n<p>\u201cPuff\u201d-at jan\u00eb cigare elektronike t\u00eb vogla dhe t\u00eb lehta p\u00ebr t&#8217;u p\u00ebrdorur, q\u00eb ngjasojn\u00eb me nj\u00eb USB dhe ofrojn\u00eb aroma t\u00eb ndryshme, si p.sh. arom\u00ebn e sheqerit t\u00eb karamelizuar. P\u00ebrmbajtja e tyre p\u00ebrfshin rreth 2% nikotin\u00eb, dhe \u00e7mimi varion nga 8 deri n\u00eb 15 euro, n\u00eb var\u00ebsi t\u00eb numrit t\u00eb \u201cthithjeve\u201d q\u00eb ofron secila pajisje. Pasi konsumohen, ato hidhen, duke ngritur shqet\u00ebsime jo vet\u00ebm p\u00ebr sh\u00ebndetin publik, por edhe p\u00ebr ndotjen mjedisore.<\/p>\n<p>K\u00ebto produkte jan\u00eb kritikuar si nj\u00eb \u201cport\u00eb hyr\u00ebse\u201d drejt var\u00ebsis\u00eb nga nikotina dhe p\u00ebrdorimit t\u00eb duhanit tradicional. Gjithashtu, ato jan\u00eb b\u00ebr\u00eb shum\u00eb t\u00eb popullarizuara mes adoleshent\u00ebve, t\u00eb cil\u00ebt i p\u00ebrdorin shpesh fshehurazi prind\u00ebrve, m\u00ebsuesve dhe t\u00eb rriturve.<\/p>\n<p>Belgjika shpreson q\u00eb ndalimi i \u201cPuff\u201d-ave t\u00eb nxis\u00eb edhe vende t\u00eb tjera t\u00eb ndjekin t\u00eb nj\u00ebjtin shembull, duke mbrojtur m\u00eb mir\u00eb t\u00eb rinjt\u00eb nga d\u00ebmet e mundshme t\u00eb k\u00ebtyre produkteve.<\/p>\n","protected":false},"excerpt":{"rendered":"<p>Belgjika \u00ebsht\u00eb b\u00ebr\u00eb vendi i par\u00eb n\u00eb Europ\u00eb q\u00eb ndalon shitjen e cigareve elektronike t\u00eb njohura si \u201cPuff\u201d. Ky vendim, i marr\u00eb nga Ministria e Sh\u00ebndet\u00ebsis\u00eb belge, ka hyre n\u00eb fuqi m\u00eb 1 janar 2025 dhe synon t\u00eb frenoj\u00eb p\u00ebrhapjen e k\u00ebtyre produkteve, ve\u00e7an\u00ebrisht mes t\u00eb rinjve. \u201cPuff\u201d-at jan\u00eb cigare elektronike t\u00eb vogla dhe t\u00eb<\/p>\n","protected":false},"author":1,"featured_media":10063,"comment_status":"open","ping_status":"open","sticky":false,"template":"","format":"standard","meta":{"footnotes":""},"categories":[2,1],"tags":[],"class_list":{"0":"post-10061","1":"post","2":"type-post","3":"status-publish","4":"format-standard","5":"has-post-thumbnail","7":"category-lifestyle","8":"category-uncategorized"},"_links":{"self":[{"href":"https:\/\/revistatrend.com\/index.php\/wp-json\/wp\/v2\/posts\/10061","targetHints":{"allow":["GET"]}}],"collection":[{"href":"https:\/\/revistatrend.com\/index.php\/wp-json\/wp\/v2\/posts"}],"about":[{"href":"https:\/\/revistatrend.com\/index.php\/wp-json\/wp\/v2\/types\/post"}],"author":[{"embeddable":true,"href":"https:\/\/revistatrend.com\/index.php\/wp-json\/wp\/v2\/users\/1"}],"replies":[{"embeddable":true,"href":"https:\/\/revistatrend.com\/index.php\/wp-json\/wp\/v2\/comments?post=10061"}],"version-history":[{"count":1,"href":"https:\/\/revistatrend.com\/index.php\/wp-json\/wp\/v2\/posts\/10061\/revisions"}],"predecessor-version":[{"id":10064,"href":"https:\/\/revistatrend.com\/index.php\/wp-json\/wp\/v2\/posts\/10061\/revisions\/10064"}],"wp:featuredmedia":[{"embeddable":true,"href":"https:\/\/revistatrend.com\/index.php\/wp-json\/wp\/v2\/media\/10063"}],"wp:attachment":[{"href":"https:\/\/revistatrend.com\/index.php\/wp-json\/wp\/v2\/media?parent=10061"}],"wp:term":[{"taxonomy":"category","embeddable":true,"href":"https:\/\/revistatrend.com\/index.php\/wp-json\/wp\/v2\/categories?post=10061"},{"taxonomy":"post_tag","embeddable":true,"href":"https:\/\/revistatrend.com\/index.php\/wp-json\/wp\/v2\/tags?post=10061"}],"curies":[{"name":"wp","href":"https:\/\/api.w.org\/{rel}","templated":true}]}}