{"id":10098,"date":"2025-01-09T17:38:44","date_gmt":"2025-01-09T17:38:44","guid":{"rendered":"https:\/\/revistatrend.com\/?p=10098"},"modified":"2025-01-09T17:38:44","modified_gmt":"2025-01-09T17:38:44","slug":"e-papritur-bleona-qereti-behet-pjese-e-bbv4","status":"publish","type":"post","link":"https:\/\/revistatrend.com\/index.php\/2025\/01\/09\/e-papritur-bleona-qereti-behet-pjese-e-bbv4\/","title":{"rendered":"E papritur! Bleona Qereti b\u00ebhet pjes\u00eb e BBV4!"},"content":{"rendered":"<p>Big Brother VIP Albania 4, pas shum\u00eb spekulimeve dhe dilemash.<br \/>\nRaportohet se k\u00ebng\u00ebtarja ka firmosur kontrat\u00ebn p\u00ebr t\u2019u bashkuar me formatin, duke sjell\u00eb nj\u00eb prurje t\u00eb re n\u00eb dinamikat e sht\u00ebpis\u00eb s\u00eb famshme.<\/p>\n<p>Megjith\u00ebse nuk ishte pjes\u00eb e p\u00ebrzgjedhur nga fillimi i shfaqjes, Bleona ka vendosur t\u00eb jet\u00eb pjes\u00eb e spektaklit, duke krijuar pritshm\u00ebri t\u00eb m\u00ebdha nga publiku. Ajo \u00ebsht\u00eb nj\u00eb personazh q\u00eb ka krijuar gjithmon\u00eb buj\u00eb me q\u00ebndrimet e saj t\u00eb drejtp\u00ebrdrejta dhe sjelljen e papritur, dhe kjo mund t\u00eb sjell\u00eb dinamika interesante n\u00eb sht\u00ebpi.<\/p>\n<p>N\u00eb jet\u00ebn e saj personale, Bleona ka shprehur d\u00ebshir\u00ebn p\u00ebr t\u00eb nd\u00ebrtuar nj\u00eb familje dhe p\u00ebr t\u00eb gjetur \u201cburrin e jet\u00ebs\u201d, duke u premtuar prind\u00ebrve se k\u00ebt\u00eb vit do t\u00eb realizoj\u00eb k\u00ebt\u00eb q\u00ebllim.<\/p>\n<p>Kjo mund t\u00eb jet\u00eb nj\u00eb dimension i ri q\u00eb do t\u00eb shfaqet gjat\u00eb pjes\u00ebmarrjes s\u00eb saj n\u00eb Big Brother, ndoshta duke e b\u00ebr\u00eb k\u00ebt\u00eb nj\u00eb mund\u00ebsi p\u00ebr t\u00eb eksploruar m\u00eb shum\u00eb aspektet e jet\u00ebs s\u00eb saj private p\u00ebr publikun.<\/p>\n","protected":false},"excerpt":{"rendered":"<p>Big Brother VIP Albania 4, pas shum\u00eb spekulimeve dhe dilemash. Raportohet se k\u00ebng\u00ebtarja ka firmosur kontrat\u00ebn p\u00ebr t\u2019u bashkuar me formatin, duke sjell\u00eb nj\u00eb prurje t\u00eb re n\u00eb dinamikat e sht\u00ebpis\u00eb s\u00eb famshme. Megjith\u00ebse nuk ishte pjes\u00eb e p\u00ebrzgjedhur nga fillimi i shfaqjes, Bleona ka vendosur t\u00eb jet\u00eb pjes\u00eb e spektaklit, duke krijuar pritshm\u00ebri t\u00eb<\/p>\n","protected":false},"author":1,"featured_media":10099,"comment_status":"open","ping_status":"open","sticky":false,"template":"","format":"standard","meta":{"footnotes":""},"categories":[10],"tags":[],"class_list":{"0":"post-10098","1":"post","2":"type-post","3":"status-publish","4":"format-standard","5":"has-post-thumbnail","7":"category-showbiz"},"_links":{"self":[{"href":"https:\/\/revistatrend.com\/index.php\/wp-json\/wp\/v2\/posts\/10098","targetHints":{"allow":["GET"]}}],"collection":[{"href":"https:\/\/revistatrend.com\/index.php\/wp-json\/wp\/v2\/posts"}],"about":[{"href":"https:\/\/revistatrend.com\/index.php\/wp-json\/wp\/v2\/types\/post"}],"author":[{"embeddable":true,"href":"https:\/\/revistatrend.com\/index.php\/wp-json\/wp\/v2\/users\/1"}],"replies":[{"embeddable":true,"href":"https:\/\/revistatrend.com\/index.php\/wp-json\/wp\/v2\/comments?post=10098"}],"version-history":[{"count":1,"href":"https:\/\/revistatrend.com\/index.php\/wp-json\/wp\/v2\/posts\/10098\/revisions"}],"predecessor-version":[{"id":10100,"href":"https:\/\/revistatrend.com\/index.php\/wp-json\/wp\/v2\/posts\/10098\/revisions\/10100"}],"wp:featuredmedia":[{"embeddable":true,"href":"https:\/\/revistatrend.com\/index.php\/wp-json\/wp\/v2\/media\/10099"}],"wp:attachment":[{"href":"https:\/\/revistatrend.com\/index.php\/wp-json\/wp\/v2\/media?parent=10098"}],"wp:term":[{"taxonomy":"category","embeddable":true,"href":"https:\/\/revistatrend.com\/index.php\/wp-json\/wp\/v2\/categories?post=10098"},{"taxonomy":"post_tag","embeddable":true,"href":"https:\/\/revistatrend.com\/index.php\/wp-json\/wp\/v2\/tags?post=10098"}],"curies":[{"name":"wp","href":"https:\/\/api.w.org\/{rel}","templated":true}]}}