{"id":10128,"date":"2025-01-12T16:12:29","date_gmt":"2025-01-12T16:12:29","guid":{"rendered":"https:\/\/revistatrend.com\/?p=10128"},"modified":"2025-01-12T16:12:29","modified_gmt":"2025-01-12T16:12:29","slug":"e-papritur-arrestohet-djali-i-valbona-selimllarit","status":"publish","type":"post","link":"https:\/\/revistatrend.com\/index.php\/2025\/01\/12\/e-papritur-arrestohet-djali-i-valbona-selimllarit\/","title":{"rendered":"E papritur! Arrestohet djali i Valbona Selimllarit?!"},"content":{"rendered":"<p>Djali i Valbona Selimllarit \u00ebsht\u00eb vendosur n\u00eb pranga nga policia.<br \/>\nRaportohet se arrestimi i Deni Selimllarit, \u00ebsht\u00eb b\u00ebr\u00eb n\u00eb Qerret t\u00eb Kavaj\u00ebs.<\/p>\n<p>Ai ishte denoncuar dhe dyshohej se bashk\u00eb me persona t\u00eb tjer\u00eb kishin vjedhur nj\u00eb or\u00eb.<\/p>\n<p>Por pas kontrollit n\u00eb banes\u00eb iu gjet nj\u00eb sasi kanabisi.<\/p>\n","protected":false},"excerpt":{"rendered":"<p>Djali i Valbona Selimllarit \u00ebsht\u00eb vendosur n\u00eb pranga nga policia. Raportohet se arrestimi i Deni Selimllarit, \u00ebsht\u00eb b\u00ebr\u00eb n\u00eb Qerret t\u00eb Kavaj\u00ebs. Ai ishte denoncuar dhe dyshohej se bashk\u00eb me persona t\u00eb tjer\u00eb kishin vjedhur nj\u00eb or\u00eb. Por pas kontrollit n\u00eb banes\u00eb iu gjet nj\u00eb sasi kanabisi.<\/p>\n","protected":false},"author":1,"featured_media":10129,"comment_status":"open","ping_status":"open","sticky":false,"template":"","format":"standard","meta":{"footnotes":""},"categories":[10],"tags":[],"class_list":{"0":"post-10128","1":"post","2":"type-post","3":"status-publish","4":"format-standard","5":"has-post-thumbnail","7":"category-showbiz"},"_links":{"self":[{"href":"https:\/\/revistatrend.com\/index.php\/wp-json\/wp\/v2\/posts\/10128","targetHints":{"allow":["GET"]}}],"collection":[{"href":"https:\/\/revistatrend.com\/index.php\/wp-json\/wp\/v2\/posts"}],"about":[{"href":"https:\/\/revistatrend.com\/index.php\/wp-json\/wp\/v2\/types\/post"}],"author":[{"embeddable":true,"href":"https:\/\/revistatrend.com\/index.php\/wp-json\/wp\/v2\/users\/1"}],"replies":[{"embeddable":true,"href":"https:\/\/revistatrend.com\/index.php\/wp-json\/wp\/v2\/comments?post=10128"}],"version-history":[{"count":1,"href":"https:\/\/revistatrend.com\/index.php\/wp-json\/wp\/v2\/posts\/10128\/revisions"}],"predecessor-version":[{"id":10130,"href":"https:\/\/revistatrend.com\/index.php\/wp-json\/wp\/v2\/posts\/10128\/revisions\/10130"}],"wp:featuredmedia":[{"embeddable":true,"href":"https:\/\/revistatrend.com\/index.php\/wp-json\/wp\/v2\/media\/10129"}],"wp:attachment":[{"href":"https:\/\/revistatrend.com\/index.php\/wp-json\/wp\/v2\/media?parent=10128"}],"wp:term":[{"taxonomy":"category","embeddable":true,"href":"https:\/\/revistatrend.com\/index.php\/wp-json\/wp\/v2\/categories?post=10128"},{"taxonomy":"post_tag","embeddable":true,"href":"https:\/\/revistatrend.com\/index.php\/wp-json\/wp\/v2\/tags?post=10128"}],"curies":[{"name":"wp","href":"https:\/\/api.w.org\/{rel}","templated":true}]}}