{"id":10160,"date":"2025-01-15T11:05:35","date_gmt":"2025-01-15T11:05:35","guid":{"rendered":"https:\/\/revistatrend.com\/?p=10160"},"modified":"2025-01-15T11:05:35","modified_gmt":"2025-01-15T11:05:35","slug":"surpriza-e-kryeministrit-rama-per-homologen-e-tij-ne-diten-e-lindjes","status":"publish","type":"post","link":"https:\/\/revistatrend.com\/index.php\/2025\/01\/15\/surpriza-e-kryeministrit-rama-per-homologen-e-tij-ne-diten-e-lindjes\/","title":{"rendered":"Surpriza e kryeministrit Rama p\u00ebr homologen e tij n\u00eb dit\u00ebn e lindjes!"},"content":{"rendered":"<p>Kryeministri Edi Rama, ka surprizuar homologen e tij t\u00eb Italis\u00eb, Giorgia Melonin, gjat\u00eb takimit n\u00eb Emiratet e Bashkuara Arabe, ku ata mor\u00ebn pjes\u00eb n\u00eb samitin \u201cAbu Dhabi Sustainability Week\u201d.<\/p>\n<p>Kreu i qeveris\u00eb shqiptare i ka dh\u00ebn\u00eb Melonit, i ulur n\u00eb gjunj\u00eb, nj\u00eb dhurat\u00eb p\u00ebr dit\u00eblindje, pasi ajo feston sot, 15 janar, 48-vjetorin. Si\u00e7 shihet edhe n\u00eb pamje, Rama i ka dhuruar homologes s\u00eb tij nj\u00eb shall dhe m\u00eb pas ja vendosur n\u00eb kok\u00eb.<br \/>\nRama shpjegoi se shalli \u00ebsht\u00eb b\u00ebr\u00eb nga nj\u00eb prodhues italian, i cili u zhvendos n\u00eb Shqip\u00ebri dhe u b\u00eb shtetas shqiptar.<\/p>\n","protected":false},"excerpt":{"rendered":"<p>Kryeministri Edi Rama, ka surprizuar homologen e tij t\u00eb Italis\u00eb, Giorgia Melonin, gjat\u00eb takimit n\u00eb Emiratet e Bashkuara Arabe, ku ata mor\u00ebn pjes\u00eb n\u00eb samitin \u201cAbu Dhabi Sustainability Week\u201d. Kreu i qeveris\u00eb shqiptare i ka dh\u00ebn\u00eb Melonit, i ulur n\u00eb gjunj\u00eb, nj\u00eb dhurat\u00eb p\u00ebr dit\u00eblindje, pasi ajo feston sot, 15 janar, 48-vjetorin. Si\u00e7 shihet edhe<\/p>\n","protected":false},"author":1,"featured_media":10161,"comment_status":"open","ping_status":"open","sticky":false,"template":"","format":"standard","meta":{"footnotes":""},"categories":[2],"tags":[],"class_list":{"0":"post-10160","1":"post","2":"type-post","3":"status-publish","4":"format-standard","5":"has-post-thumbnail","7":"category-lifestyle"},"_links":{"self":[{"href":"https:\/\/revistatrend.com\/index.php\/wp-json\/wp\/v2\/posts\/10160","targetHints":{"allow":["GET"]}}],"collection":[{"href":"https:\/\/revistatrend.com\/index.php\/wp-json\/wp\/v2\/posts"}],"about":[{"href":"https:\/\/revistatrend.com\/index.php\/wp-json\/wp\/v2\/types\/post"}],"author":[{"embeddable":true,"href":"https:\/\/revistatrend.com\/index.php\/wp-json\/wp\/v2\/users\/1"}],"replies":[{"embeddable":true,"href":"https:\/\/revistatrend.com\/index.php\/wp-json\/wp\/v2\/comments?post=10160"}],"version-history":[{"count":1,"href":"https:\/\/revistatrend.com\/index.php\/wp-json\/wp\/v2\/posts\/10160\/revisions"}],"predecessor-version":[{"id":10162,"href":"https:\/\/revistatrend.com\/index.php\/wp-json\/wp\/v2\/posts\/10160\/revisions\/10162"}],"wp:featuredmedia":[{"embeddable":true,"href":"https:\/\/revistatrend.com\/index.php\/wp-json\/wp\/v2\/media\/10161"}],"wp:attachment":[{"href":"https:\/\/revistatrend.com\/index.php\/wp-json\/wp\/v2\/media?parent=10160"}],"wp:term":[{"taxonomy":"category","embeddable":true,"href":"https:\/\/revistatrend.com\/index.php\/wp-json\/wp\/v2\/categories?post=10160"},{"taxonomy":"post_tag","embeddable":true,"href":"https:\/\/revistatrend.com\/index.php\/wp-json\/wp\/v2\/tags?post=10160"}],"curies":[{"name":"wp","href":"https:\/\/api.w.org\/{rel}","templated":true}]}}