{"id":10195,"date":"2025-01-19T17:38:45","date_gmt":"2025-01-19T17:38:45","guid":{"rendered":"https:\/\/revistatrend.com\/?p=10195"},"modified":"2025-01-19T17:38:45","modified_gmt":"2025-01-19T17:38:45","slug":"detaje-ja-si-eshte-realizuar-ceremonia-e-betimit-te-donald-trump","status":"publish","type":"post","link":"https:\/\/revistatrend.com\/index.php\/2025\/01\/19\/detaje-ja-si-eshte-realizuar-ceremonia-e-betimit-te-donald-trump\/","title":{"rendered":"Detaje! Ja si \u00ebsht\u00eb realizuar ceremonia e betimit t\u00eb Donald Trump!"},"content":{"rendered":"<p>Pik\u00ebrisht n\u00eb or\u00ebn 12:00 t\u00eb s\u00eb h\u00ebn\u00ebs, sipas koh\u00ebs s\u00eb Bregut Lindor t\u00eb Shteteve t\u00eb Bashkuara (18:00 me or\u00ebn shqiptare), kodet p\u00ebr arm\u00ebt b\u00ebrthamore amerikane do t\u00eb ndryshojn\u00eb nga nj\u00ebra dor\u00eb n\u00eb tjetr\u00ebn. Donald Trump do t\u00eb b\u00ebhet zyrtarisht presidenti i 47-t\u00eb i Shteteve t\u00eb Bashkuara dhe do t\u00eb pasoj\u00eb demokratin Joe Biden si komandant i p\u00ebrgjithsh\u00ebm i ushtris\u00eb m\u00eb t\u00eb fuqishme n\u00eb bot\u00eb.<\/p>\n<p>N\u00ebse i ftohti i fort\u00eb, i parashikuar p\u00ebr nes\u00ebr n\u00eb Uashington, nuk prish ceremonin\u00eb e planifikuar t\u00eb inaugurimit, dit\u00eb q\u00eb do t\u00eb filloj\u00eb me nj\u00eb sh\u00ebrbes\u00eb fetare dhe do t\u00eb p\u00ebrfundoj\u00eb me k\u00ebrcim, n\u00eb t\u00eb nj\u00ebjt\u00ebn koh\u00eb republikani do t\u00eb ngjitet n\u00eb shkall\u00ebt e Kapitolit. Me dor\u00ebn n\u00eb Bib\u00ebl, ai do t\u00eb betohet &#8220;t\u00eb ruaj\u00eb dhe mbroj\u00eb Kushtetut\u00ebn&#8221;.<\/p>\n<p>Masat e siguris\u00eb do t\u00eb jen\u00eb jasht\u00ebzakonisht t\u00eb rrepta, pas dy atentateve ndaj republikanit ver\u00ebn e kaluar: jan\u00eb vendosur 48 kilometra gardh i lart\u00eb dhe jan\u00eb vendosur 25,000 polic\u00eb.<\/p>\n<p>Temperaturat jasht\u00ebzakonisht t\u00eb ul\u00ebta q\u00eb mbizot\u00ebrojn\u00eb n\u00eb Uashington nuk lejojn\u00eb ritualin e ndjekur zakonisht, k\u00ebshtu q\u00eb betimi do t\u00eb b\u00ebhet n\u00eb Rotund\u00ebn e Kapitolit dhe jo n\u00eb shkall\u00ebt e tij, si\u00e7 \u00ebsht\u00eb zakon.<\/p>\n","protected":false},"excerpt":{"rendered":"<p>Pik\u00ebrisht n\u00eb or\u00ebn 12:00 t\u00eb s\u00eb h\u00ebn\u00ebs, sipas koh\u00ebs s\u00eb Bregut Lindor t\u00eb Shteteve t\u00eb Bashkuara (18:00 me or\u00ebn shqiptare), kodet p\u00ebr arm\u00ebt b\u00ebrthamore amerikane do t\u00eb ndryshojn\u00eb nga nj\u00ebra dor\u00eb n\u00eb tjetr\u00ebn. Donald Trump do t\u00eb b\u00ebhet zyrtarisht presidenti i 47-t\u00eb i Shteteve t\u00eb Bashkuara dhe do t\u00eb pasoj\u00eb demokratin Joe Biden si komandant<\/p>\n","protected":false},"author":1,"featured_media":10196,"comment_status":"open","ping_status":"open","sticky":false,"template":"","format":"standard","meta":{"footnotes":""},"categories":[2],"tags":[],"class_list":{"0":"post-10195","1":"post","2":"type-post","3":"status-publish","4":"format-standard","5":"has-post-thumbnail","7":"category-lifestyle"},"_links":{"self":[{"href":"https:\/\/revistatrend.com\/index.php\/wp-json\/wp\/v2\/posts\/10195","targetHints":{"allow":["GET"]}}],"collection":[{"href":"https:\/\/revistatrend.com\/index.php\/wp-json\/wp\/v2\/posts"}],"about":[{"href":"https:\/\/revistatrend.com\/index.php\/wp-json\/wp\/v2\/types\/post"}],"author":[{"embeddable":true,"href":"https:\/\/revistatrend.com\/index.php\/wp-json\/wp\/v2\/users\/1"}],"replies":[{"embeddable":true,"href":"https:\/\/revistatrend.com\/index.php\/wp-json\/wp\/v2\/comments?post=10195"}],"version-history":[{"count":1,"href":"https:\/\/revistatrend.com\/index.php\/wp-json\/wp\/v2\/posts\/10195\/revisions"}],"predecessor-version":[{"id":10197,"href":"https:\/\/revistatrend.com\/index.php\/wp-json\/wp\/v2\/posts\/10195\/revisions\/10197"}],"wp:featuredmedia":[{"embeddable":true,"href":"https:\/\/revistatrend.com\/index.php\/wp-json\/wp\/v2\/media\/10196"}],"wp:attachment":[{"href":"https:\/\/revistatrend.com\/index.php\/wp-json\/wp\/v2\/media?parent=10195"}],"wp:term":[{"taxonomy":"category","embeddable":true,"href":"https:\/\/revistatrend.com\/index.php\/wp-json\/wp\/v2\/categories?post=10195"},{"taxonomy":"post_tag","embeddable":true,"href":"https:\/\/revistatrend.com\/index.php\/wp-json\/wp\/v2\/tags?post=10195"}],"curies":[{"name":"wp","href":"https:\/\/api.w.org\/{rel}","templated":true}]}}