{"id":10224,"date":"2025-01-20T17:38:03","date_gmt":"2025-01-20T17:38:03","guid":{"rendered":"https:\/\/revistatrend.com\/?p=10224"},"modified":"2025-01-20T17:38:03","modified_gmt":"2025-01-20T17:38:03","slug":"fotot-bleona-qereti-surprizon-me-paraden-ne-ballon-per-inaugurimin-e-trump","status":"publish","type":"post","link":"https:\/\/revistatrend.com\/index.php\/2025\/01\/20\/fotot-bleona-qereti-surprizon-me-paraden-ne-ballon-per-inaugurimin-e-trump\/","title":{"rendered":"Fotot! Bleona Qereti surprizon me parad\u00ebn n\u00eb ballon p\u00ebr inaugurimin e Trump!"},"content":{"rendered":"<p>Bleona Qereti ka ndar\u00eb disa foto nga balloja e inaugurimit t\u00eb presidentit t\u00eb 47-t\u00eb t\u00eb SHBA, nj\u00eb ngjarje q\u00eb sh\u00ebnon fillimin e ushtrimit t\u00eb kompetencave t\u00eb presidentit t\u00eb zgjedhur, sipas Kushtetut\u00ebs amerikane. K\u00ebng\u00ebtarja dhe modelja shqiptare shfaqet e veshur me nj\u00eb fustan plot gur\u00eb dhe me nj\u00eb dizajn t\u00eb ve\u00e7ant\u00eb, ku duket shum\u00eb n\u00eb form\u00eb.<br \/>\nAjo ka publikuar gjithashtu disa foto me miqt\u00eb e saj, ku tregon se jan\u00eb t\u00eb pranish\u00ebm p\u00ebr t\u00eb festuar inaugurimin e presidentit t\u00eb 47-t\u00eb t\u00eb SHBA.&#8221; &#8220;\u00cbsht\u00eb presidenti i 47-t\u00eb i #SHBA&#8221;, shkruan Qereti n\u00eb Instagram.<\/p>\n","protected":false},"excerpt":{"rendered":"<p>Bleona Qereti ka ndar\u00eb disa foto nga balloja e inaugurimit t\u00eb presidentit t\u00eb 47-t\u00eb t\u00eb SHBA, nj\u00eb ngjarje q\u00eb sh\u00ebnon fillimin e ushtrimit t\u00eb kompetencave t\u00eb presidentit t\u00eb zgjedhur, sipas Kushtetut\u00ebs amerikane. K\u00ebng\u00ebtarja dhe modelja shqiptare shfaqet e veshur me nj\u00eb fustan plot gur\u00eb dhe me nj\u00eb dizajn t\u00eb ve\u00e7ant\u00eb, ku duket shum\u00eb n\u00eb form\u00eb.<\/p>\n","protected":false},"author":1,"featured_media":10225,"comment_status":"open","ping_status":"open","sticky":false,"template":"","format":"standard","meta":{"footnotes":""},"categories":[10],"tags":[],"class_list":{"0":"post-10224","1":"post","2":"type-post","3":"status-publish","4":"format-standard","5":"has-post-thumbnail","7":"category-showbiz"},"_links":{"self":[{"href":"https:\/\/revistatrend.com\/index.php\/wp-json\/wp\/v2\/posts\/10224","targetHints":{"allow":["GET"]}}],"collection":[{"href":"https:\/\/revistatrend.com\/index.php\/wp-json\/wp\/v2\/posts"}],"about":[{"href":"https:\/\/revistatrend.com\/index.php\/wp-json\/wp\/v2\/types\/post"}],"author":[{"embeddable":true,"href":"https:\/\/revistatrend.com\/index.php\/wp-json\/wp\/v2\/users\/1"}],"replies":[{"embeddable":true,"href":"https:\/\/revistatrend.com\/index.php\/wp-json\/wp\/v2\/comments?post=10224"}],"version-history":[{"count":1,"href":"https:\/\/revistatrend.com\/index.php\/wp-json\/wp\/v2\/posts\/10224\/revisions"}],"predecessor-version":[{"id":10226,"href":"https:\/\/revistatrend.com\/index.php\/wp-json\/wp\/v2\/posts\/10224\/revisions\/10226"}],"wp:featuredmedia":[{"embeddable":true,"href":"https:\/\/revistatrend.com\/index.php\/wp-json\/wp\/v2\/media\/10225"}],"wp:attachment":[{"href":"https:\/\/revistatrend.com\/index.php\/wp-json\/wp\/v2\/media?parent=10224"}],"wp:term":[{"taxonomy":"category","embeddable":true,"href":"https:\/\/revistatrend.com\/index.php\/wp-json\/wp\/v2\/categories?post=10224"},{"taxonomy":"post_tag","embeddable":true,"href":"https:\/\/revistatrend.com\/index.php\/wp-json\/wp\/v2\/tags?post=10224"}],"curies":[{"name":"wp","href":"https:\/\/api.w.org\/{rel}","templated":true}]}}