{"id":10237,"date":"2025-01-21T15:52:44","date_gmt":"2025-01-21T15:52:44","guid":{"rendered":"https:\/\/revistatrend.com\/?p=10237"},"modified":"2025-01-21T15:52:44","modified_gmt":"2025-01-21T15:52:44","slug":"ceremonia-e-betimit-trump-batuta-me-melanine-per-kapelen-qe-u-shfaq-krah-tij-per-pak-sa-nuk-fluturoi","status":"publish","type":"post","link":"https:\/\/revistatrend.com\/index.php\/2025\/01\/21\/ceremonia-e-betimit-trump-batuta-me-melanine-per-kapelen-qe-u-shfaq-krah-tij-per-pak-sa-nuk-fluturoi\/","title":{"rendered":"Ceremonia e betimit! Trump batuta me Melanin\u00eb p\u00ebr kapel\u00ebn q\u00eb u shfaq krah tij: &#8220;P\u00ebr pak sa nuk fluturoi&#8221;!"},"content":{"rendered":"<p>P\u00ebr eventin e inaugurimit t\u00eb Presidentit t\u00eb zgjedhur t\u00eb SHBA-s\u00eb, Donald Trump , Melania Trump , zonja e par\u00eb, veshi nj\u00eb pallto prej leshi m\u00ebndafshi t\u00eb p\u00ebrshtatur nga Adam Lippes, nj\u00eb fund prej leshi m\u00ebndafshi dhe nj\u00eb bluz\u00eb m\u00ebndafshi t\u00eb fildisht\u00eb, t\u00eb gjitha t\u00eb dizajnuara nga Lippes dhe e punuar me dor\u00eb n\u00eb qytetin e Nju Jorkut. Ajo e kombinoi ansamblin me doreza l\u00ebkure t\u00eb zeza dhe nj\u00eb kapel\u00eb ngjyr\u00eb deti me buz\u00eb t\u00eb gjera dhe zbukurime t\u00eb bardha nga stilisti Eric Javits .<\/p>\n<p>Trump b\u00ebn shaka me veshjen e Melanis\u00eb: Me at\u00eb kapele p\u00ebr pak. P\u00ebr veshjen e saj Trump ka shk\u00ebmbyer disa batuta p\u00ebr kapel\u00ebn e Melanias.<\/p>\n<p>Trump b\u00ebri shaka p\u00ebr kapel\u00ebn e madhe t\u00eb gruas s\u00eb tij, duke th\u00ebn\u00eb se ajo pothuajse fluturoi e mori era me vete kur t\u00eb dy dol\u00ebn jasht\u00eb p\u00ebr t\u00eb larguar Biden.<br \/>\n\u201cAjo p\u00ebr pak sa nuk fluturoi \u201d, tha Trump me shaka.<\/p>\n<p>Kjo batut\u00eb vjen pasi disa kamera kan\u00eb kapur momentin kur Zonja e Par\u00eb Melania Trump n\u00eb m\u00ebnyr\u00eb t\u00eb dukshme u p\u00ebrpoq t\u00eb mbante kapel\u00ebn n\u00eb kok\u00eb mes rr\u00ebmbimeve t\u00eb er\u00ebs s\u00eb fort\u00eb s\u00eb helikopterit ushtarak q\u00eb transportonte Biden nga Kapitol.<\/p>\n","protected":false},"excerpt":{"rendered":"<p>P\u00ebr eventin e inaugurimit t\u00eb Presidentit t\u00eb zgjedhur t\u00eb SHBA-s\u00eb, Donald Trump , Melania Trump , zonja e par\u00eb, veshi nj\u00eb pallto prej leshi m\u00ebndafshi t\u00eb p\u00ebrshtatur nga Adam Lippes, nj\u00eb fund prej leshi m\u00ebndafshi dhe nj\u00eb bluz\u00eb m\u00ebndafshi t\u00eb fildisht\u00eb, t\u00eb gjitha t\u00eb dizajnuara nga Lippes dhe e punuar me dor\u00eb n\u00eb qytetin e<\/p>\n","protected":false},"author":1,"featured_media":10238,"comment_status":"open","ping_status":"open","sticky":false,"template":"","format":"standard","meta":{"footnotes":""},"categories":[2],"tags":[],"class_list":{"0":"post-10237","1":"post","2":"type-post","3":"status-publish","4":"format-standard","5":"has-post-thumbnail","7":"category-lifestyle"},"_links":{"self":[{"href":"https:\/\/revistatrend.com\/index.php\/wp-json\/wp\/v2\/posts\/10237","targetHints":{"allow":["GET"]}}],"collection":[{"href":"https:\/\/revistatrend.com\/index.php\/wp-json\/wp\/v2\/posts"}],"about":[{"href":"https:\/\/revistatrend.com\/index.php\/wp-json\/wp\/v2\/types\/post"}],"author":[{"embeddable":true,"href":"https:\/\/revistatrend.com\/index.php\/wp-json\/wp\/v2\/users\/1"}],"replies":[{"embeddable":true,"href":"https:\/\/revistatrend.com\/index.php\/wp-json\/wp\/v2\/comments?post=10237"}],"version-history":[{"count":1,"href":"https:\/\/revistatrend.com\/index.php\/wp-json\/wp\/v2\/posts\/10237\/revisions"}],"predecessor-version":[{"id":10239,"href":"https:\/\/revistatrend.com\/index.php\/wp-json\/wp\/v2\/posts\/10237\/revisions\/10239"}],"wp:featuredmedia":[{"embeddable":true,"href":"https:\/\/revistatrend.com\/index.php\/wp-json\/wp\/v2\/media\/10238"}],"wp:attachment":[{"href":"https:\/\/revistatrend.com\/index.php\/wp-json\/wp\/v2\/media?parent=10237"}],"wp:term":[{"taxonomy":"category","embeddable":true,"href":"https:\/\/revistatrend.com\/index.php\/wp-json\/wp\/v2\/categories?post=10237"},{"taxonomy":"post_tag","embeddable":true,"href":"https:\/\/revistatrend.com\/index.php\/wp-json\/wp\/v2\/tags?post=10237"}],"curies":[{"name":"wp","href":"https:\/\/api.w.org\/{rel}","templated":true}]}}