{"id":10240,"date":"2025-01-21T15:54:51","date_gmt":"2025-01-21T15:54:51","guid":{"rendered":"https:\/\/revistatrend.com\/?p=10240"},"modified":"2025-01-21T15:54:51","modified_gmt":"2025-01-21T15:54:51","slug":"gjykata-e-tiranes-shpall-vendimin-ja-denimi-qe-i-dha-princ-lekes","status":"publish","type":"post","link":"https:\/\/revistatrend.com\/index.php\/2025\/01\/21\/gjykata-e-tiranes-shpall-vendimin-ja-denimi-qe-i-dha-princ-lekes\/","title":{"rendered":"Gjykata e Tiran\u00ebs shpall vendimin! Ja d\u00ebnimi q\u00eb i dha Princ Lek\u00ebs!"},"content":{"rendered":"<p>Gjykata e Tiran\u00ebs d\u00ebnoi Princ Leka Zogun me 1 vit burg, ku p\u00ebr shkak t\u00eb gjykimit t\u00eb shkurtuar d\u00ebnimi zbriti n\u00eb 8 muaj dhe u vendos pezullim n\u00eb 16 muaj sh\u00ebrbim prove, p\u00ebr akuz\u00ebn \u201cDhuna n\u00eb familje\u201d.<br \/>\nGjyqtarja Migena Laska d\u00ebnoi me 10 muaj Gjergj Zaharin\u00eb, babain e Elias, ku me gjykim t\u00eb shkurtuar d\u00ebnimi zbret n\u00eb 6 muaj e 20 dit\u00eb. Gjykata vendosi ta pezulloj\u00eb d\u00ebnimin n\u00eb 1 vit e 40 dit\u00eb me kusht.<\/p>\n<p>E nj\u00ebjta gjyqtare shpalli pafaj\u00ebsi p\u00ebr Elia Zaharin\u00eb, pasi fakti nuk p\u00ebrb\u00ebn vep\u00ebr penale.<\/p>\n<p>T\u00eb tre personat t\u00eb cil\u00ebt akuzohen p\u00ebr \u201cdhun\u00eb n\u00eb familje\u201d, u gjykuan me procedur\u00ebn e gjykimit t\u00eb shkurtuar. Ngjarja u sh\u00ebnua n\u00eb muajin mars 2024, n\u00eb pallatin mbret\u00ebror.<\/p>\n","protected":false},"excerpt":{"rendered":"<p>Gjykata e Tiran\u00ebs d\u00ebnoi Princ Leka Zogun me 1 vit burg, ku p\u00ebr shkak t\u00eb gjykimit t\u00eb shkurtuar d\u00ebnimi zbriti n\u00eb 8 muaj dhe u vendos pezullim n\u00eb 16 muaj sh\u00ebrbim prove, p\u00ebr akuz\u00ebn \u201cDhuna n\u00eb familje\u201d. Gjyqtarja Migena Laska d\u00ebnoi me 10 muaj Gjergj Zaharin\u00eb, babain e Elias, ku me gjykim t\u00eb shkurtuar d\u00ebnimi<\/p>\n","protected":false},"author":1,"featured_media":10241,"comment_status":"open","ping_status":"open","sticky":false,"template":"","format":"standard","meta":{"footnotes":""},"categories":[10],"tags":[],"class_list":{"0":"post-10240","1":"post","2":"type-post","3":"status-publish","4":"format-standard","5":"has-post-thumbnail","7":"category-showbiz"},"_links":{"self":[{"href":"https:\/\/revistatrend.com\/index.php\/wp-json\/wp\/v2\/posts\/10240","targetHints":{"allow":["GET"]}}],"collection":[{"href":"https:\/\/revistatrend.com\/index.php\/wp-json\/wp\/v2\/posts"}],"about":[{"href":"https:\/\/revistatrend.com\/index.php\/wp-json\/wp\/v2\/types\/post"}],"author":[{"embeddable":true,"href":"https:\/\/revistatrend.com\/index.php\/wp-json\/wp\/v2\/users\/1"}],"replies":[{"embeddable":true,"href":"https:\/\/revistatrend.com\/index.php\/wp-json\/wp\/v2\/comments?post=10240"}],"version-history":[{"count":1,"href":"https:\/\/revistatrend.com\/index.php\/wp-json\/wp\/v2\/posts\/10240\/revisions"}],"predecessor-version":[{"id":10242,"href":"https:\/\/revistatrend.com\/index.php\/wp-json\/wp\/v2\/posts\/10240\/revisions\/10242"}],"wp:featuredmedia":[{"embeddable":true,"href":"https:\/\/revistatrend.com\/index.php\/wp-json\/wp\/v2\/media\/10241"}],"wp:attachment":[{"href":"https:\/\/revistatrend.com\/index.php\/wp-json\/wp\/v2\/media?parent=10240"}],"wp:term":[{"taxonomy":"category","embeddable":true,"href":"https:\/\/revistatrend.com\/index.php\/wp-json\/wp\/v2\/categories?post=10240"},{"taxonomy":"post_tag","embeddable":true,"href":"https:\/\/revistatrend.com\/index.php\/wp-json\/wp\/v2\/tags?post=10240"}],"curies":[{"name":"wp","href":"https:\/\/api.w.org\/{rel}","templated":true}]}}