{"id":10347,"date":"2025-01-27T16:48:55","date_gmt":"2025-01-27T16:48:55","guid":{"rendered":"https:\/\/revistatrend.com\/?p=10347"},"modified":"2025-01-27T16:48:55","modified_gmt":"2025-01-27T16:48:55","slug":"qendrova-20-dite-ne-koma-zebervoki-rrefen-ngjarjen-ne-97-en-si-u-qellova-me-plumb-nga-komshiu","status":"publish","type":"post","link":"https:\/\/revistatrend.com\/index.php\/2025\/01\/27\/qendrova-20-dite-ne-koma-zebervoki-rrefen-ngjarjen-ne-97-en-si-u-qellova-me-plumb-nga-komshiu\/","title":{"rendered":"&#8220;Q\u00ebndrova 20 dit\u00eb n\u00eb koma&#8230;&#8221;\/ Zeb\u00ebrvoki rr\u00ebfen ngjarjen n\u00eb 97&#8242;-\u00ebn: Si u q\u00ebllova me plumb nga komshiu!"},"content":{"rendered":"<p>I ftuar n\u00eb \u201cS\u2019e Luan Topi\u201d ka qen\u00eb aktori dhe ish-banori i BBV, Marius Dervishi, ose sikurse e njohim t\u00eb gjith\u00eb, Zeb\u00ebrvoki. Ai ka rr\u00ebfyer ngjarjet q\u00eb sh\u00ebnjuan jet\u00ebn e tij. Stuhit\u00eb q\u00eb e detyruan t\u00eb marr\u00eb vendime t\u00eb r\u00ebnd\u00ebsishme.<\/p>\n<p>Ngjarjet e vitit 1997 jan\u00eb nga m\u00eb t\u00eb dhimbshmet e historis\u00eb s\u00eb Shqip\u00ebris\u00eb. Shteti pothuajse u \u201cshkri\u201d dhe i gjith\u00eb populli u ngrit n\u00eb protesta masive. Nj\u00eb vit mjaft i v\u00ebshtir\u00eb dhe i trazuar. N\u00eb k\u00ebt\u00eb periudh\u00eb nj\u00eb ngjarje tronditi familjen e Mariusit.<\/p>\n<p>Pjes\u00eb nga intervista:<\/p>\n<p>Marius: Nj\u00eb komshi ka qen\u00eb duke q\u00eblluar me arm\u00eb zjarri n\u00eb aj\u00ebr, \u00ebsht\u00eb rr\u00ebzuar aksidentalisht dhe ka ngelur gishti tek k\u00ebmb\u00ebza e kallashnikovit. Nj\u00eb plumb kam marr\u00eb un\u00eb n\u00eb pjes\u00ebn e nofull\u00ebs dhe pes\u00eb plumba ka marr\u00eb mami im. N\u00eb pjes\u00ebn e barkut dhe t\u00eb k\u00ebmb\u00ebve, ai ishte moment q\u00eb un\u00eb e vuaj edhe sot e k\u00ebsaj dite. Pasojat e asaj ngjarje, pasi n\u00eb periudha t\u00eb ndryshme t\u00eb f\u00ebmij\u00ebris\u00eb m\u00eb \u00ebsht\u00eb dashur t\u00eb kryej disa operacione kirurgjikale.<\/p>\n<p>Erjona: Fillimisht ti q\u00ebndrove 20 dit\u00eb n\u00eb gjendje kome.<\/p>\n<p>Marius: P\u00ebr fatin tim t\u00eb mir\u00eb un\u00eb nuk mbaj mend asgj\u00eb t\u00eb asaj periudhe por mbaj mend ato peripecit\u00eb q\u00eb kam hasur, nd\u00ebrhyrjet e her\u00ebpasher\u00ebshme gjat\u00eb zhvillimit dhe rritjes sime. Plumi kishte prekur gjendr\u00ebn e p\u00ebshtym\u00ebs, gjuha ime ka qen\u00eb e k\u00ebputur p\u00ebr shkak t\u00eb plumbit.<\/p>\n<p>Erjona: Nd\u00ebrkoh\u00eb mami mori pes\u00eb plumba dhe ia hodhi p\u00ebr mrekulli duhet th\u00ebn\u00eb\u2026<\/p>\n<p>Marius: Po, nuk ka le t\u00eb themi pasoja apo siklete t\u00eb mbartura prej asaj ngjarje. Normalisht q\u00eb ka qen\u00eb vuajtje por me r\u00ebnd\u00ebsi \u00ebsht\u00eb q\u00eb sot jemi gjall\u00eb dhe jemi mir\u00eb dhe po e p\u00ebrballojm\u00eb m\u00eb s\u00eb miri.<\/p>\n","protected":false},"excerpt":{"rendered":"<p>I ftuar n\u00eb \u201cS\u2019e Luan Topi\u201d ka qen\u00eb aktori dhe ish-banori i BBV, Marius Dervishi, ose sikurse e njohim t\u00eb gjith\u00eb, Zeb\u00ebrvoki. Ai ka rr\u00ebfyer ngjarjet q\u00eb sh\u00ebnjuan jet\u00ebn e tij. Stuhit\u00eb q\u00eb e detyruan t\u00eb marr\u00eb vendime t\u00eb r\u00ebnd\u00ebsishme. Ngjarjet e vitit 1997 jan\u00eb nga m\u00eb t\u00eb dhimbshmet e historis\u00eb s\u00eb Shqip\u00ebris\u00eb. Shteti pothuajse<\/p>\n","protected":false},"author":1,"featured_media":10348,"comment_status":"open","ping_status":"open","sticky":false,"template":"","format":"standard","meta":{"footnotes":""},"categories":[10],"tags":[],"class_list":{"0":"post-10347","1":"post","2":"type-post","3":"status-publish","4":"format-standard","5":"has-post-thumbnail","7":"category-showbiz"},"_links":{"self":[{"href":"https:\/\/revistatrend.com\/index.php\/wp-json\/wp\/v2\/posts\/10347","targetHints":{"allow":["GET"]}}],"collection":[{"href":"https:\/\/revistatrend.com\/index.php\/wp-json\/wp\/v2\/posts"}],"about":[{"href":"https:\/\/revistatrend.com\/index.php\/wp-json\/wp\/v2\/types\/post"}],"author":[{"embeddable":true,"href":"https:\/\/revistatrend.com\/index.php\/wp-json\/wp\/v2\/users\/1"}],"replies":[{"embeddable":true,"href":"https:\/\/revistatrend.com\/index.php\/wp-json\/wp\/v2\/comments?post=10347"}],"version-history":[{"count":1,"href":"https:\/\/revistatrend.com\/index.php\/wp-json\/wp\/v2\/posts\/10347\/revisions"}],"predecessor-version":[{"id":10349,"href":"https:\/\/revistatrend.com\/index.php\/wp-json\/wp\/v2\/posts\/10347\/revisions\/10349"}],"wp:featuredmedia":[{"embeddable":true,"href":"https:\/\/revistatrend.com\/index.php\/wp-json\/wp\/v2\/media\/10348"}],"wp:attachment":[{"href":"https:\/\/revistatrend.com\/index.php\/wp-json\/wp\/v2\/media?parent=10347"}],"wp:term":[{"taxonomy":"category","embeddable":true,"href":"https:\/\/revistatrend.com\/index.php\/wp-json\/wp\/v2\/categories?post=10347"},{"taxonomy":"post_tag","embeddable":true,"href":"https:\/\/revistatrend.com\/index.php\/wp-json\/wp\/v2\/tags?post=10347"}],"curies":[{"name":"wp","href":"https:\/\/api.w.org\/{rel}","templated":true}]}}