{"id":10368,"date":"2025-01-28T17:36:48","date_gmt":"2025-01-28T17:36:48","guid":{"rendered":"https:\/\/revistatrend.com\/?p=10368"},"modified":"2025-01-28T17:36:48","modified_gmt":"2025-01-28T17:36:48","slug":"kush-eshte-gruaja-kosovare-e-nominuar-per-cmimin-nobel-2025-e","status":"publish","type":"post","link":"https:\/\/revistatrend.com\/index.php\/2025\/01\/28\/kush-eshte-gruaja-kosovare-e-nominuar-per-cmimin-nobel-2025-e\/","title":{"rendered":"Kush \u00ebsht\u00eb gruaja kosovare e nominuar p\u00ebr \u00e7mimin Nobel 2025-\u00eb!"},"content":{"rendered":"<p>Rehabilitimin e t\u00eb Mbijetuarve t\u00eb Tortur\u00ebs (QKRMT) jan\u00eb nominuar p\u00ebr \u00c7mimin Nobel p\u00ebr Paqe p\u00ebr vitin 2025. Nominimin e ka b\u00ebr\u00eb deputeti i Parlamentit suedez, Magnus Jacobsson, i cili n\u00eb letr\u00ebn d\u00ebrguar Komitetit t\u00eb Institutit norvegjez t\u00eb Nobelit, ka th\u00ebn\u00eb se k\u00ebt\u00eb vendim e ka nd\u00ebrmarr\u00eb p\u00ebr t\u00eb njohur \u201ckontributet e jasht\u00ebzakonshme\u201d t\u00eb Rushitit dhe QKRMT-s\u00eb \u201cn\u00eb avancimin e t\u00eb drejtave t\u00eb njeriut, dinjitetit t\u00eb t\u00eb mbijetuarve dhe sh\u00ebrimit t\u00eb plag\u00ebve t\u00eb luft\u00ebs t\u00eb komuniteteve\u201d.<\/p>\n<p>\u201c\u00c7mimi Nobel p\u00ebr Paqe synon t\u00eb vler\u00ebsoj\u00eb individ\u00ebt, puna e s\u00eb cil\u00ebve nxit paqen, drejt\u00ebsin\u00eb dhe pajtimin. Feride Rushiti dhe QKRM-ja i mish\u00ebrojn\u00eb k\u00ebto ideale p\u00ebrmes p\u00ebrkushtimit t\u00eb tyre t\u00eb p\u00ebrjetsh\u00ebm p\u00ebr t\u00eb mb\u00ebshtetur njer\u00ebzit m\u00eb t\u00eb cenuesh\u00ebm, duke sh\u00ebruar plag\u00ebt e konfliktit dhe duke nd\u00ebrtuar nj\u00eb baz\u00eb p\u00ebr paqe t\u00eb q\u00ebndrueshme n\u00eb Kosov\u00eb dhe p\u00ebrtej\u201d, shkroi ai.<\/p>\n<p>Feride Rushiti ka themeluar QKRM-n\u00eb m\u00eb 1999 me misionin p\u00ebr t\u00eb ofruar trajtim dhe rehabilitim p\u00ebr viktimat e tortur\u00ebs n\u00eb Kosov\u00eb. Kjo qend\u00ebr po ashtu promovon respektimin e t\u00eb drejtave t\u00eb njeriut p\u00ebr t\u00eb gjitha etnit\u00eb q\u00eb jetojn\u00eb n\u00eb Kosov\u00eb dhe t\u00eb parandalimit dhe \u00e7rr\u00ebnjosjen e tortur\u00ebs dhe t\u00eb gjitha formave t\u00eb keqtrajtimit.<\/p>\n","protected":false},"excerpt":{"rendered":"<p>Rehabilitimin e t\u00eb Mbijetuarve t\u00eb Tortur\u00ebs (QKRMT) jan\u00eb nominuar p\u00ebr \u00c7mimin Nobel p\u00ebr Paqe p\u00ebr vitin 2025. Nominimin e ka b\u00ebr\u00eb deputeti i Parlamentit suedez, Magnus Jacobsson, i cili n\u00eb letr\u00ebn d\u00ebrguar Komitetit t\u00eb Institutit norvegjez t\u00eb Nobelit, ka th\u00ebn\u00eb se k\u00ebt\u00eb vendim e ka nd\u00ebrmarr\u00eb p\u00ebr t\u00eb njohur \u201ckontributet e jasht\u00ebzakonshme\u201d t\u00eb Rushitit dhe<\/p>\n","protected":false},"author":1,"featured_media":10369,"comment_status":"open","ping_status":"open","sticky":false,"template":"","format":"standard","meta":{"footnotes":""},"categories":[6],"tags":[],"class_list":{"0":"post-10368","1":"post","2":"type-post","3":"status-publish","4":"format-standard","5":"has-post-thumbnail","7":"category-events"},"_links":{"self":[{"href":"https:\/\/revistatrend.com\/index.php\/wp-json\/wp\/v2\/posts\/10368","targetHints":{"allow":["GET"]}}],"collection":[{"href":"https:\/\/revistatrend.com\/index.php\/wp-json\/wp\/v2\/posts"}],"about":[{"href":"https:\/\/revistatrend.com\/index.php\/wp-json\/wp\/v2\/types\/post"}],"author":[{"embeddable":true,"href":"https:\/\/revistatrend.com\/index.php\/wp-json\/wp\/v2\/users\/1"}],"replies":[{"embeddable":true,"href":"https:\/\/revistatrend.com\/index.php\/wp-json\/wp\/v2\/comments?post=10368"}],"version-history":[{"count":1,"href":"https:\/\/revistatrend.com\/index.php\/wp-json\/wp\/v2\/posts\/10368\/revisions"}],"predecessor-version":[{"id":10370,"href":"https:\/\/revistatrend.com\/index.php\/wp-json\/wp\/v2\/posts\/10368\/revisions\/10370"}],"wp:featuredmedia":[{"embeddable":true,"href":"https:\/\/revistatrend.com\/index.php\/wp-json\/wp\/v2\/media\/10369"}],"wp:attachment":[{"href":"https:\/\/revistatrend.com\/index.php\/wp-json\/wp\/v2\/media?parent=10368"}],"wp:term":[{"taxonomy":"category","embeddable":true,"href":"https:\/\/revistatrend.com\/index.php\/wp-json\/wp\/v2\/categories?post=10368"},{"taxonomy":"post_tag","embeddable":true,"href":"https:\/\/revistatrend.com\/index.php\/wp-json\/wp\/v2\/tags?post=10368"}],"curies":[{"name":"wp","href":"https:\/\/api.w.org\/{rel}","templated":true}]}}