{"id":10371,"date":"2025-01-29T20:22:37","date_gmt":"2025-01-29T20:22:37","guid":{"rendered":"https:\/\/revistatrend.com\/?p=10371"},"modified":"2025-01-29T20:22:37","modified_gmt":"2025-01-29T20:22:37","slug":"nuk-je-me-pjese-e-kesaj-bote-vajza-e-ismail-kadarese-prek-me-dedikimin-ndaj-te-atit","status":"publish","type":"post","link":"https:\/\/revistatrend.com\/index.php\/2025\/01\/29\/nuk-je-me-pjese-e-kesaj-bote-vajza-e-ismail-kadarese-prek-me-dedikimin-ndaj-te-atit\/","title":{"rendered":"&#8220;Nuk je m\u00eb pjes\u00eb e k\u00ebsaj bote&#8230;&#8221;\/ Vajza e Ismail Kadares\u00eb prek me dedikimin ndaj t\u00eb atit!"},"content":{"rendered":"<p>Kadares\u00eb, Besiana, ka ndar\u00eb nj\u00eb foto t\u00eb rrall\u00eb me t\u00eb atin e ndjer\u00eb.<br \/>\nN\u00eb dit\u00ebn q\u00eb Kadare do t\u00eb mbushte 89 vje\u00e7, Besiana shkruan p\u00ebrmes nj\u00eb postimi n\u00eb Facebbok se \u00ebsht\u00eb hera e par\u00eb q\u00eb babai i saj ka dit\u00eblindjen dhe nuk \u00ebsht\u00eb m\u00eb i k\u00ebsaj bote.<\/p>\n<p>\u201c89 vje\u00e7. Sot \u00ebsht\u00eb her\u00eb e par\u00eb q\u00eb babi ka dit\u00eblindjen por nuk \u00ebsht\u00eb m\u00eb i k\u00ebsaj bote\u201d, shkruan ajo.<\/p>\n<p>Ismail Kadare nd\u00ebrroi jet\u00eb m\u00eb 1 korrik 2024 n\u00eb banes\u00ebn e tij n\u00eb Tiran\u00eb. Shkrimtari m\u00eb n\u00eb z\u00eb shqiptar, brenda e jasht\u00eb kufijve me librat e tij u dha mund\u00ebsin\u00eb shqiptar\u00ebve t\u00eb mendonin dhe \u00ebndrronin per\u00ebndimin, p\u00ebrtej kufirit dhe err\u00ebsir\u00ebs s\u00eb diktatur\u00ebs.<\/p>\n<p>Nd\u00ebrsa bot\u00ebn e njohu me Shqip\u00ebrin\u00eb, shtetin me popull me traditat dhe kultur\u00eb europiane por q\u00eb ishte izoluar nga diktatura komuniste dhe ishte l\u00ebn\u00eb jasht\u00eb nga Europa.<\/p>\n<p>Etnograf sarkastik, romancier duke alternuar groteskun dhe epik\u00ebn, IsmaIl Kadare eksploroi mitet dhe historin\u00eb e vendit t\u00eb tij, p\u00ebr t\u00eb zb\u00ebrthyer mekanizmat e nj\u00eb t\u00eb keqeje universale, totalitarizmit.<\/p>\n","protected":false},"excerpt":{"rendered":"<p>Kadares\u00eb, Besiana, ka ndar\u00eb nj\u00eb foto t\u00eb rrall\u00eb me t\u00eb atin e ndjer\u00eb. N\u00eb dit\u00ebn q\u00eb Kadare do t\u00eb mbushte 89 vje\u00e7, Besiana shkruan p\u00ebrmes nj\u00eb postimi n\u00eb Facebbok se \u00ebsht\u00eb hera e par\u00eb q\u00eb babai i saj ka dit\u00eblindjen dhe nuk \u00ebsht\u00eb m\u00eb i k\u00ebsaj bote. \u201c89 vje\u00e7. Sot \u00ebsht\u00eb her\u00eb e par\u00eb q\u00eb<\/p>\n","protected":false},"author":1,"featured_media":10372,"comment_status":"open","ping_status":"open","sticky":false,"template":"","format":"standard","meta":{"footnotes":""},"categories":[8],"tags":[],"class_list":{"0":"post-10371","1":"post","2":"type-post","3":"status-publish","4":"format-standard","5":"has-post-thumbnail","7":"category-interviste"},"_links":{"self":[{"href":"https:\/\/revistatrend.com\/index.php\/wp-json\/wp\/v2\/posts\/10371","targetHints":{"allow":["GET"]}}],"collection":[{"href":"https:\/\/revistatrend.com\/index.php\/wp-json\/wp\/v2\/posts"}],"about":[{"href":"https:\/\/revistatrend.com\/index.php\/wp-json\/wp\/v2\/types\/post"}],"author":[{"embeddable":true,"href":"https:\/\/revistatrend.com\/index.php\/wp-json\/wp\/v2\/users\/1"}],"replies":[{"embeddable":true,"href":"https:\/\/revistatrend.com\/index.php\/wp-json\/wp\/v2\/comments?post=10371"}],"version-history":[{"count":1,"href":"https:\/\/revistatrend.com\/index.php\/wp-json\/wp\/v2\/posts\/10371\/revisions"}],"predecessor-version":[{"id":10373,"href":"https:\/\/revistatrend.com\/index.php\/wp-json\/wp\/v2\/posts\/10371\/revisions\/10373"}],"wp:featuredmedia":[{"embeddable":true,"href":"https:\/\/revistatrend.com\/index.php\/wp-json\/wp\/v2\/media\/10372"}],"wp:attachment":[{"href":"https:\/\/revistatrend.com\/index.php\/wp-json\/wp\/v2\/media?parent=10371"}],"wp:term":[{"taxonomy":"category","embeddable":true,"href":"https:\/\/revistatrend.com\/index.php\/wp-json\/wp\/v2\/categories?post=10371"},{"taxonomy":"post_tag","embeddable":true,"href":"https:\/\/revistatrend.com\/index.php\/wp-json\/wp\/v2\/tags?post=10371"}],"curies":[{"name":"wp","href":"https:\/\/api.w.org\/{rel}","templated":true}]}}