{"id":10386,"date":"2025-01-30T14:04:32","date_gmt":"2025-01-30T14:04:32","guid":{"rendered":"https:\/\/revistatrend.com\/?p=10386"},"modified":"2025-01-30T14:04:32","modified_gmt":"2025-01-30T14:04:32","slug":"e-kam-dashur-dhe-kur-duhet-ta-braktisja-chiara-thyen-heshtjen-fedez-donte-te-me-braktiste-ne-altar","status":"publish","type":"post","link":"https:\/\/revistatrend.com\/index.php\/2025\/01\/30\/e-kam-dashur-dhe-kur-duhet-ta-braktisja-chiara-thyen-heshtjen-fedez-donte-te-me-braktiste-ne-altar\/","title":{"rendered":"&#8220;E kam dashur dhe kur duhet ta braktisja&#8230;&#8221;\/ Chiara thyen heshtjen: Fedez donte t\u00eb m\u00eb braktiste n\u00eb altar!"},"content":{"rendered":"<p>Prezantuesi italian Fabrizio Corona b\u00ebri disa deklarata t\u00eb forta p\u00ebr Fedez, ish-burrin e blogeres s\u00eb njohur Chiara Ferragni. Corona zbuloi emrin e t\u00eb dashur\u00ebs s\u00eb Fedez me t\u00eb cil\u00ebn tradhtonte Chiara-n. Chiara Ferragni vendosi t&#8217;ia besoj\u00eb t\u00eb v\u00ebrtet\u00ebn e saj p\u00ebr k\u00ebt\u00eb \u00e7\u00ebshtje story-ve n\u00eb Instagram. Influencuesja nuk ka ngurruar t\u00eb deklaroj\u00eb se e ka dashur reperin deri n\u00eb at\u00eb pik\u00eb sa t\u00eb duroj\u00eb situatat e k\u00ebqija dhe munges\u00ebn e respektit q\u00eb zgjati shum\u00eb.<\/p>\n<p>Historia e treguar nga Chiara Ferragni flet p\u00ebr shtat\u00eb vitet e lidhjes s\u00eb \u00e7iftit. Sip\u00ebrmarr\u00ebsja tha: &#8220;Kam jetuar 7 vite lidhje n\u00eb t\u00eb cilat kam dashur ashtu si\u00e7 dua, pa frena dhe me t\u00eb gjith\u00eb veten. E kam dashur edhe kur ka pasur shum\u00eb arsye p\u00ebr t&#8217;u braktisur, kam duruar situata p\u00ebr t\u00eb cilat do t&#8217;i thosha &#8220;jo, nuk do ta b\u00ebj k\u00ebt\u00eb&#8221;, \u00e7do miku, sepse p\u00ebr mua dashuria ishte edhe kjo: t\u00eb sakrifikosh veten vazhdimisht, t\u00eb mos respektosh dhe t\u00eb justifikosh q\u00ebndrimet e gabuara p\u00ebr t\u00eb mbrojtur pal\u00ebn tjet\u00ebr, p\u00ebr t\u00eb mbrojtur familjen, p\u00ebr t\u00eb mbrojtur \u00e7iftin.&#8221;<\/p>\n<p>Chiara pohoi se ajo e konsideronte veten t\u00eb fort\u00eb dhe t\u00eb pavarur dhe mendonte se duhej t\u00eb luftonte p\u00ebr t\u00eb gjith\u00eb. Mesazhi i saj vazhdon duke th\u00ebn\u00eb: &#8220;Dhe k\u00ebshtu q\u00eb un\u00eb nuk thash\u00eb asgj\u00eb edhe kur m\u00eb lan\u00eb brenda nat\u00ebs n\u00eb periudh\u00ebn time t\u00eb par\u00eb t\u00eb v\u00ebshtir\u00eb shkurtin e kaluar, kur po luftoja t\u00eb ngrihesha nga shtrati. Kam d\u00ebgjuar shum\u00eb her\u00eb t\u00eb thoshin se e kisha p\u00ebrz\u00ebn\u00eb nga sht\u00ebpia, por nuk u tha kurr\u00eb q\u00eb e nxora nga sht\u00ebpia pasi zbulova nj\u00eb tradhti ato dit\u00eb (vet\u00ebm nj\u00eb nga t\u00eb shumtat) dhe nuk u tha kurr\u00eb q\u00eb ai nuk hezitoi t\u00eb shfrytezonte rastin p\u00ebr t\u00eb d\u00ebmtuar imazhin tim.\u201d<\/p>\n","protected":false},"excerpt":{"rendered":"<p>Prezantuesi italian Fabrizio Corona b\u00ebri disa deklarata t\u00eb forta p\u00ebr Fedez, ish-burrin e blogeres s\u00eb njohur Chiara Ferragni. Corona zbuloi emrin e t\u00eb dashur\u00ebs s\u00eb Fedez me t\u00eb cil\u00ebn tradhtonte Chiara-n. Chiara Ferragni vendosi t&#8217;ia besoj\u00eb t\u00eb v\u00ebrtet\u00ebn e saj p\u00ebr k\u00ebt\u00eb \u00e7\u00ebshtje story-ve n\u00eb Instagram. Influencuesja nuk ka ngurruar t\u00eb deklaroj\u00eb se e ka<\/p>\n","protected":false},"author":1,"featured_media":10387,"comment_status":"open","ping_status":"open","sticky":false,"template":"","format":"standard","meta":{"footnotes":""},"categories":[10],"tags":[],"class_list":{"0":"post-10386","1":"post","2":"type-post","3":"status-publish","4":"format-standard","5":"has-post-thumbnail","7":"category-showbiz"},"_links":{"self":[{"href":"https:\/\/revistatrend.com\/index.php\/wp-json\/wp\/v2\/posts\/10386","targetHints":{"allow":["GET"]}}],"collection":[{"href":"https:\/\/revistatrend.com\/index.php\/wp-json\/wp\/v2\/posts"}],"about":[{"href":"https:\/\/revistatrend.com\/index.php\/wp-json\/wp\/v2\/types\/post"}],"author":[{"embeddable":true,"href":"https:\/\/revistatrend.com\/index.php\/wp-json\/wp\/v2\/users\/1"}],"replies":[{"embeddable":true,"href":"https:\/\/revistatrend.com\/index.php\/wp-json\/wp\/v2\/comments?post=10386"}],"version-history":[{"count":1,"href":"https:\/\/revistatrend.com\/index.php\/wp-json\/wp\/v2\/posts\/10386\/revisions"}],"predecessor-version":[{"id":10388,"href":"https:\/\/revistatrend.com\/index.php\/wp-json\/wp\/v2\/posts\/10386\/revisions\/10388"}],"wp:featuredmedia":[{"embeddable":true,"href":"https:\/\/revistatrend.com\/index.php\/wp-json\/wp\/v2\/media\/10387"}],"wp:attachment":[{"href":"https:\/\/revistatrend.com\/index.php\/wp-json\/wp\/v2\/media?parent=10386"}],"wp:term":[{"taxonomy":"category","embeddable":true,"href":"https:\/\/revistatrend.com\/index.php\/wp-json\/wp\/v2\/categories?post=10386"},{"taxonomy":"post_tag","embeddable":true,"href":"https:\/\/revistatrend.com\/index.php\/wp-json\/wp\/v2\/tags?post=10386"}],"curies":[{"name":"wp","href":"https:\/\/api.w.org\/{rel}","templated":true}]}}