{"id":10469,"date":"2025-02-06T15:23:10","date_gmt":"2025-02-06T15:23:10","guid":{"rendered":"https:\/\/revistatrend.com\/?p=10469"},"modified":"2025-02-06T15:23:10","modified_gmt":"2025-02-06T15:23:10","slug":"nga-humbja-e-te-emes-te-raporti-me-nenen-e-re-dhe-te-motrat-danja-rreqeth-me-rrefimin-per-jeten","status":"publish","type":"post","link":"https:\/\/revistatrend.com\/index.php\/2025\/02\/06\/nga-humbja-e-te-emes-te-raporti-me-nenen-e-re-dhe-te-motrat-danja-rreqeth-me-rrefimin-per-jeten\/","title":{"rendered":"Nga humbja e t\u00eb \u00ebm\u00ebs, te raporti me n\u00ebn\u00ebn e re dhe t\u00eb motrat, Danja rr\u00ebqeth me rr\u00ebfimin p\u00ebr jet\u00ebn!"},"content":{"rendered":"<p>Nj\u00eb histori q\u00eb mund ta gjejm\u00eb vet\u00ebm n\u00eb filma. E till\u00eb ishte ajo e Danj\u00ebs, e cila ndonse vet\u00ebm 32-vje\u00e7, ka rr\u00ebqethur me rr\u00ebfimin e saj emocionues n\u00eb linj\u00ebn e jet\u00ebs.<\/p>\n<p>Banorja ka rr\u00ebfyer p\u00ebr v\u00ebshtir\u00ebsit\u00eb e jet\u00ebs me humbjen e s\u00eb \u00ebm\u00ebs p\u00ebr shkak t\u00eb nj\u00eb s\u00ebmundje t\u00eb pash\u00ebrueshme dhe raportin e shk\u00eblqyer me tre motrat dhe njerk\u00ebn e saj, p\u00ebr t\u00eb cil\u00ebn me dashurin\u00eb m\u00eb t\u00eb madhe thekson se nuk e ka konsideruar kurr\u00eb si t\u00eb till\u00eb.<\/p>\n<p>\u201cUn\u00eb kam lindur n\u00eb shtator nga dy prind\u00ebr shum\u00eb t\u00eb dashuruar me nj\u00ebri-tjetrin, Martja dhe Bardhok. Gjeta n\u00eb sht\u00ebpi dy motrat e mia, Aldora dhe Ertila. Ishim t\u00eb lumtur shum\u00eb, por kjo tabloja e bukur dhe kaq e lumtur e familjes ton\u00eb nuk mund t\u00eb zgjaste aq shum\u00eb sepse mami Martja u diagnostifikua me kancer.<\/p>\n<p>Babi b\u00ebri \u00e7mos p\u00ebr ta shp\u00ebtuar, por pas nj\u00eb viti dhe pak, mami vdiq. Kur ajo humbi jet\u00ebn un\u00eb kam qen\u00eb 2 vje\u00e7e e gjysm\u00eb dhe nuk pata kurr\u00eb mund\u00ebsin\u00eb ta njoh. Thon\u00eb se ka qen\u00eb nj\u00eb zonj\u00eb shum\u00eb e fisshme, nj\u00eb m\u00ebsuese e mrekullueshme dhe nj\u00eb n\u00ebn\u00eb shum\u00eb e mir\u00eb. M\u00ebrzitem hera her\u00ebs sepse nuk m\u00eb del n\u00eb \u00ebnd\u00ebrr, m\u00eb ka dal vet\u00ebm nj\u00eb her\u00eb kur mami ishte s\u00ebmur dhe m\u00eb tha; pa merak se nuk ta marr. Ndon\u00ebse nuk e di se si \u00ebsht\u00eb imazhi i saj, p\u00ebrmes fotove jam p\u00ebrpjekur ta mbaj n\u00eb mendje dhe do e mbaj gjith\u00eb jet\u00ebn n\u00eb zem\u00ebr dhe mendje.<\/p>\n<p>N\u00eb mosh\u00ebn 4 vje\u00e7 e gjysm\u00eb n\u00eb jet\u00ebn ton\u00eb erdhi Vita, n\u00ebna q\u00eb m\u00eb ka rritur. Ajo ishte vet\u00ebm 27 vje\u00e7 dhe u betua t\u00eb na rriste ne 3 vajzave. Pas 3 viteve, Vita na fali On\u00ebn, e cila \u00ebsht\u00eb vajza e vog\u00ebl e sht\u00ebpis\u00eb. Un\u00eb e di q\u00eb Ona gjat\u00eb jet\u00ebs s\u00eb vet\u00eb, e ka pasur t\u00eb v\u00ebshtir\u00eb kur dikush me zem\u00ebr t\u00eb lig i ka th\u00ebn\u00eb se nuk je e tyre. Ona, ti je zemra jon\u00eb dhe k\u00ebt\u00eb duhet ta ngulit\u00ebsh n\u00eb kok\u00eb gjith\u00eb jet\u00ebn.<\/p>\n<p>Un\u00eb dhe motrat e mia Vitoren kemi vendosur t\u00eb mos e th\u00ebrrasim me at\u00eb emrin e sh\u00ebmtuar njerk\u00eb, por Vita. Dhe p\u00ebr ne k\u00ebshtu ishte, n\u00ebna q\u00eb vazhdoi jet\u00ebn bashk\u00eb me ne. M\u00eb mungojn\u00eb k\u00ebtu ushqimet e Vit\u00ebs sepse shpesh m\u00eb thon\u00eb q\u00eb n\u00eb sht\u00ebpi ti ke bujtin\u00ebn e Vit\u00ebs. Asaj mund ti them gj\u00ebra vajzash, mund ti them p\u00ebr dik\u00eb q\u00eb jam dashuruar, por me babin e kam pak t\u00eb v\u00ebshtir\u00eb sepse k\u00ebta meshkujt sot e kan\u00eb mendjen e v\u00ebshtir\u00eb dhe babit do ti \u00e7oj n\u00eb sht\u00ebpi vet\u00ebm at\u00eb q\u00eb do t\u00eb dij\u00eb t\u00eb m\u00eb doj\u00eb.<\/p>\n<p>Redi mesa duket po ma plot\u00ebson zemr\u00ebn. E di \u00e7far\u00eb i them mamit para se t\u00eb fle gjum\u00eb? N\u00eb momentet kur un\u00eb tregohem \u00e7apk\u00ebne dhe nuk jam kaq vajz\u00eb e mir\u00eb dhe strikte sa ti do t\u00eb doje, t\u00eb lutem mos m\u00eb shih, shko te Aldora. Por nd\u00ebr t\u00eb tjera do t\u00eb doja ti thoja ma, por m\u00eb mungon dhe m\u00eb ke munguar shum\u00eb. Vit\u00ebs dua ti them faleminderit shum\u00eb. Babit do doja ti thoja faleminderit q\u00eb ekziston sepse na e ke b\u00ebr\u00eb jet\u00ebn m\u00eb t\u00eb bukur, do t\u00eb doja shum\u00eb t\u00eb jemi ata q\u00eb ti ke th\u00ebn\u00eb gjithmon; \u00e7unat e mi\u201d- tha Danja n\u00eb rr\u00ebfimin e saj.<\/p>\n","protected":false},"excerpt":{"rendered":"<p>Nj\u00eb histori q\u00eb mund ta gjejm\u00eb vet\u00ebm n\u00eb filma. E till\u00eb ishte ajo e Danj\u00ebs, e cila ndonse vet\u00ebm 32-vje\u00e7, ka rr\u00ebqethur me rr\u00ebfimin e saj emocionues n\u00eb linj\u00ebn e jet\u00ebs. Banorja ka rr\u00ebfyer p\u00ebr v\u00ebshtir\u00ebsit\u00eb e jet\u00ebs me humbjen e s\u00eb \u00ebm\u00ebs p\u00ebr shkak t\u00eb nj\u00eb s\u00ebmundje t\u00eb pash\u00ebrueshme dhe raportin e shk\u00eblqyer me<\/p>\n","protected":false},"author":1,"featured_media":10470,"comment_status":"open","ping_status":"open","sticky":false,"template":"","format":"standard","meta":{"footnotes":""},"categories":[10],"tags":[],"class_list":{"0":"post-10469","1":"post","2":"type-post","3":"status-publish","4":"format-standard","5":"has-post-thumbnail","7":"category-showbiz"},"_links":{"self":[{"href":"https:\/\/revistatrend.com\/index.php\/wp-json\/wp\/v2\/posts\/10469","targetHints":{"allow":["GET"]}}],"collection":[{"href":"https:\/\/revistatrend.com\/index.php\/wp-json\/wp\/v2\/posts"}],"about":[{"href":"https:\/\/revistatrend.com\/index.php\/wp-json\/wp\/v2\/types\/post"}],"author":[{"embeddable":true,"href":"https:\/\/revistatrend.com\/index.php\/wp-json\/wp\/v2\/users\/1"}],"replies":[{"embeddable":true,"href":"https:\/\/revistatrend.com\/index.php\/wp-json\/wp\/v2\/comments?post=10469"}],"version-history":[{"count":1,"href":"https:\/\/revistatrend.com\/index.php\/wp-json\/wp\/v2\/posts\/10469\/revisions"}],"predecessor-version":[{"id":10471,"href":"https:\/\/revistatrend.com\/index.php\/wp-json\/wp\/v2\/posts\/10469\/revisions\/10471"}],"wp:featuredmedia":[{"embeddable":true,"href":"https:\/\/revistatrend.com\/index.php\/wp-json\/wp\/v2\/media\/10470"}],"wp:attachment":[{"href":"https:\/\/revistatrend.com\/index.php\/wp-json\/wp\/v2\/media?parent=10469"}],"wp:term":[{"taxonomy":"category","embeddable":true,"href":"https:\/\/revistatrend.com\/index.php\/wp-json\/wp\/v2\/categories?post=10469"},{"taxonomy":"post_tag","embeddable":true,"href":"https:\/\/revistatrend.com\/index.php\/wp-json\/wp\/v2\/tags?post=10469"}],"curies":[{"name":"wp","href":"https:\/\/api.w.org\/{rel}","templated":true}]}}