{"id":10472,"date":"2025-02-06T15:24:08","date_gmt":"2025-02-06T15:24:08","guid":{"rendered":"https:\/\/revistatrend.com\/?p=10472"},"modified":"2025-02-06T15:24:08","modified_gmt":"2025-02-06T15:24:08","slug":"laerti-u-mundua-te-hapte-plage-te-vjetra-dasma-e-loredanes-dhe-jozit-ndez-debatet-ne-bbvip4","status":"publish","type":"post","link":"https:\/\/revistatrend.com\/index.php\/2025\/02\/06\/laerti-u-mundua-te-hapte-plage-te-vjetra-dasma-e-loredanes-dhe-jozit-ndez-debatet-ne-bbvip4\/","title":{"rendered":"&#8220;Laerti u mundua t\u00eb hapte plag\u00eb t\u00eb vjetra&#8230;&#8221;\/ Dasma e Loredan\u00ebs dhe Jozit ndez debatet n\u00eb BBVIP4!"},"content":{"rendered":"<p>Shpallja e Laertit dhe Rozan\u00ebs si t\u00eb paftuarit e dasm\u00ebs s\u00eb Jozit dhe Loredan\u00ebs ka sjell\u00eb debat t\u00eb ashp\u00ebr mes tyre n\u00eb spektaklin e sot\u00ebm.<\/p>\n<p>Jozi tha se arsyeja e vetme ishte sepse \u201ctradhtar\u00ebt dhe armiqt\u00eb\u201d nuk ftohen n\u00eb dasm\u00eb, nd\u00ebrsa nj\u00eb p\u00ebrgjigje e fort\u00eb u dha nga Laerti dhe Rozana.<\/p>\n<p>Pjes\u00eb nga debati:<\/p>\n<p>Jozi: Tradhtia q\u00eb m\u00eb ka b\u00ebr\u00eb Rozana. M\u00eb ka th\u00ebn\u00eb me pabesin\u00eb, t\u00eb fala sa t\u00eb gjej pa arm\u00eb pastaj t\u00eb ngul thik\u00ebn. K\u00ebt\u00eb ma ka b\u00ebr\u00eb Rozana prandaj nuk e doja n\u00eb dasm\u00ebn time. Laerti u mundua t\u00eb hapte plag\u00eb t\u00eb vjetra, k\u00ebshtu q\u00eb armiku nuk vjen n\u00eb dasm\u00ebn time.<\/p>\n<p>Loredana: Nuk t\u00eb kam th\u00ebn\u00eb ndonj\u00ebher\u00eb q\u00eb t\u00eb kam armik, ama kjo ishte dasm\u00eb e p\u00ebrbashk\u00ebt.<\/p>\n<p>Laert: N\u00eb dark\u00eb Jozi u kujtua q\u00eb jam burr\u00eb i posht\u00eb. Kjo nuk ka koherenc\u00eb<\/p>\n<p>Loredana: Ishte dasm\u00eb e p\u00ebrbashk\u00ebt, n\u00ebse ai thot\u00eb jo, nuk ua kam nevoj\u00ebn n\u00eb dasm\u00eb<\/p>\n<p>Laert: Q\u00ebndro Loredana Brati p\u00ebr hir t\u00eb atij burri se rrezikon t\u00eb b\u00ebhesh Lozina.<\/p>\n<p>Rozana: Ka dy an\u00eb medalja. At\u00eb dit\u00eb than\u00eb nuk ju ftojm\u00eb p\u00ebr mosh\u00ebn se jemi pensionist\u00eb ne p\u00ebr Jozin dhe tjetra p\u00ebr nominimin. Un\u00eb qenkam armiku i Jozit, nuk po e them fjal\u00ebn q\u00eb ka th\u00ebn\u00eb ai dhe un\u00eb e fala Jozin. Nuk di t\u00eb komunikoj\u00eb dhe nuk duhej t\u00eb ishte falur. Ka vazhduar me ofendime dhe vajzat dhe grat\u00eb<\/p>\n<p>Loredana: E kupton se \u00e7far\u00eb me keni b\u00ebr\u00eb mua ti dhe grupi jot? Rozana tha nuk m\u00eb intereson kjo dasm\u00eb dhe po b\u00ebnte plane p\u00ebr ta shkat\u00ebrruar<\/p>\n<p>Rozana: Asnj\u00ebher\u00eb! Po m\u00eb akuzojn\u00eb dhe p\u00ebr grup. K\u00ebta jan\u00eb ndryshe gjat\u00eb q\u00ebndrimit n\u00eb sht\u00ebpi dhe ndryshe n\u00eb prime, kan\u00eb dy fytyra.<\/p>\n","protected":false},"excerpt":{"rendered":"<p>Shpallja e Laertit dhe Rozan\u00ebs si t\u00eb paftuarit e dasm\u00ebs s\u00eb Jozit dhe Loredan\u00ebs ka sjell\u00eb debat t\u00eb ashp\u00ebr mes tyre n\u00eb spektaklin e sot\u00ebm. Jozi tha se arsyeja e vetme ishte sepse \u201ctradhtar\u00ebt dhe armiqt\u00eb\u201d nuk ftohen n\u00eb dasm\u00eb, nd\u00ebrsa nj\u00eb p\u00ebrgjigje e fort\u00eb u dha nga Laerti dhe Rozana. Pjes\u00eb nga debati: Jozi:<\/p>\n","protected":false},"author":1,"featured_media":10473,"comment_status":"open","ping_status":"open","sticky":false,"template":"","format":"standard","meta":{"footnotes":""},"categories":[10],"tags":[],"class_list":{"0":"post-10472","1":"post","2":"type-post","3":"status-publish","4":"format-standard","5":"has-post-thumbnail","7":"category-showbiz"},"_links":{"self":[{"href":"https:\/\/revistatrend.com\/index.php\/wp-json\/wp\/v2\/posts\/10472","targetHints":{"allow":["GET"]}}],"collection":[{"href":"https:\/\/revistatrend.com\/index.php\/wp-json\/wp\/v2\/posts"}],"about":[{"href":"https:\/\/revistatrend.com\/index.php\/wp-json\/wp\/v2\/types\/post"}],"author":[{"embeddable":true,"href":"https:\/\/revistatrend.com\/index.php\/wp-json\/wp\/v2\/users\/1"}],"replies":[{"embeddable":true,"href":"https:\/\/revistatrend.com\/index.php\/wp-json\/wp\/v2\/comments?post=10472"}],"version-history":[{"count":1,"href":"https:\/\/revistatrend.com\/index.php\/wp-json\/wp\/v2\/posts\/10472\/revisions"}],"predecessor-version":[{"id":10474,"href":"https:\/\/revistatrend.com\/index.php\/wp-json\/wp\/v2\/posts\/10472\/revisions\/10474"}],"wp:featuredmedia":[{"embeddable":true,"href":"https:\/\/revistatrend.com\/index.php\/wp-json\/wp\/v2\/media\/10473"}],"wp:attachment":[{"href":"https:\/\/revistatrend.com\/index.php\/wp-json\/wp\/v2\/media?parent=10472"}],"wp:term":[{"taxonomy":"category","embeddable":true,"href":"https:\/\/revistatrend.com\/index.php\/wp-json\/wp\/v2\/categories?post=10472"},{"taxonomy":"post_tag","embeddable":true,"href":"https:\/\/revistatrend.com\/index.php\/wp-json\/wp\/v2\/tags?post=10472"}],"curies":[{"name":"wp","href":"https:\/\/api.w.org\/{rel}","templated":true}]}}