{"id":10487,"date":"2025-02-06T15:30:19","date_gmt":"2025-02-06T15:30:19","guid":{"rendered":"https:\/\/revistatrend.com\/?p=10487"},"modified":"2025-02-06T15:30:19","modified_gmt":"2025-02-06T15:30:19","slug":"loredana-e-martuar-jashte-bbvip4-rozana-radi-i-zbulon-sekretin-banores","status":"publish","type":"post","link":"https:\/\/revistatrend.com\/index.php\/2025\/02\/06\/loredana-e-martuar-jashte-bbvip4-rozana-radi-i-zbulon-sekretin-banores\/","title":{"rendered":"Loredana e martuar jasht\u00eb BBVIP4? Rozana Radi i zbulon sekretin banores!"},"content":{"rendered":"<p>Gjat\u00eb nj\u00eb bisede mes Rozan\u00ebs dhe Gjestit, ky i fundi po p\u00ebrpiqej t\u00eb m\u00ebsonte detajet e dasm\u00ebs q\u00eb u mbajt mbr\u00ebmjen e djeshme, pas nj\u00eb incidenti q\u00eb detyroi Gjestin t\u00eb largohej p\u00ebr shkak t\u00eb nj\u00eb d\u00ebmtimi n\u00eb sy. Nj\u00eb moment interesant i bised\u00ebs ishte kur ata fol\u00ebn p\u00ebr ngjarjen q\u00eb lidhet me unaz\u00ebn e martes\u00ebs t\u00eb Loredan\u00ebs.<br \/>\nRozana theksoi gjithashtu se, gjat\u00eb periudh\u00ebs kur marr\u00ebdh\u00ebnia e Loredan\u00ebs dhe Rozit ishte e mir\u00eb, modelja kishte pohuar se ishte e martuar. Ajo shpjegoi se, edhe pse ka ndodhur ndarja me ish-partnerin, ata ende nuk kishin p\u00ebrmbyllur marr\u00ebveshjen me dokumenta, gj\u00eb q\u00eb mund ta kishte penguar t\u00eb vendoste unaz\u00ebn si\u00e7 duhet n\u00eb fillim.<\/p>\n<p>Kjo ngjarje ka l\u00ebn\u00eb hap\u00ebsir\u00eb p\u00ebr dyshime dhe mbetet p\u00ebr t\u2019u par\u00eb se cil\u00ebs version i ngjarjes do t\u2019i jap\u00eb fund historia.<\/p>\n","protected":false},"excerpt":{"rendered":"<p>Gjat\u00eb nj\u00eb bisede mes Rozan\u00ebs dhe Gjestit, ky i fundi po p\u00ebrpiqej t\u00eb m\u00ebsonte detajet e dasm\u00ebs q\u00eb u mbajt mbr\u00ebmjen e djeshme, pas nj\u00eb incidenti q\u00eb detyroi Gjestin t\u00eb largohej p\u00ebr shkak t\u00eb nj\u00eb d\u00ebmtimi n\u00eb sy. Nj\u00eb moment interesant i bised\u00ebs ishte kur ata fol\u00ebn p\u00ebr ngjarjen q\u00eb lidhet me unaz\u00ebn e martes\u00ebs<\/p>\n","protected":false},"author":1,"featured_media":10488,"comment_status":"open","ping_status":"open","sticky":false,"template":"","format":"standard","meta":{"footnotes":""},"categories":[10],"tags":[],"class_list":{"0":"post-10487","1":"post","2":"type-post","3":"status-publish","4":"format-standard","5":"has-post-thumbnail","7":"category-showbiz"},"_links":{"self":[{"href":"https:\/\/revistatrend.com\/index.php\/wp-json\/wp\/v2\/posts\/10487","targetHints":{"allow":["GET"]}}],"collection":[{"href":"https:\/\/revistatrend.com\/index.php\/wp-json\/wp\/v2\/posts"}],"about":[{"href":"https:\/\/revistatrend.com\/index.php\/wp-json\/wp\/v2\/types\/post"}],"author":[{"embeddable":true,"href":"https:\/\/revistatrend.com\/index.php\/wp-json\/wp\/v2\/users\/1"}],"replies":[{"embeddable":true,"href":"https:\/\/revistatrend.com\/index.php\/wp-json\/wp\/v2\/comments?post=10487"}],"version-history":[{"count":1,"href":"https:\/\/revistatrend.com\/index.php\/wp-json\/wp\/v2\/posts\/10487\/revisions"}],"predecessor-version":[{"id":10489,"href":"https:\/\/revistatrend.com\/index.php\/wp-json\/wp\/v2\/posts\/10487\/revisions\/10489"}],"wp:featuredmedia":[{"embeddable":true,"href":"https:\/\/revistatrend.com\/index.php\/wp-json\/wp\/v2\/media\/10488"}],"wp:attachment":[{"href":"https:\/\/revistatrend.com\/index.php\/wp-json\/wp\/v2\/media?parent=10487"}],"wp:term":[{"taxonomy":"category","embeddable":true,"href":"https:\/\/revistatrend.com\/index.php\/wp-json\/wp\/v2\/categories?post=10487"},{"taxonomy":"post_tag","embeddable":true,"href":"https:\/\/revistatrend.com\/index.php\/wp-json\/wp\/v2\/tags?post=10487"}],"curies":[{"name":"wp","href":"https:\/\/api.w.org\/{rel}","templated":true}]}}