{"id":10542,"date":"2025-02-12T17:23:55","date_gmt":"2025-02-12T17:23:55","guid":{"rendered":"https:\/\/revistatrend.com\/?p=10542"},"modified":"2025-02-12T17:23:55","modified_gmt":"2025-02-12T17:23:55","slug":"harry-dhe-meghan-drejt-divorcit-ja-cfare-thone-burimet-prane-ciftit","status":"publish","type":"post","link":"https:\/\/revistatrend.com\/index.php\/2025\/02\/12\/harry-dhe-meghan-drejt-divorcit-ja-cfare-thone-burimet-prane-ciftit\/","title":{"rendered":"Harry dhe Meghan drejt divorcit? Ja \u00e7far\u00eb thon\u00eb burimet pran\u00eb \u00e7iftit!"},"content":{"rendered":"<p>P\u00ebrflitet p\u00ebr nj\u00eb divorc mes princit Harry dhe Meghan Markle jan\u00eb kthyer s\u00ebrish n\u00eb qend\u00ebr t\u00eb v\u00ebmendjes, nj\u00eb tem\u00eb q\u00eb vazhdon t\u00eb bu\u00e7as\u00eb her\u00eb pas here, pavar\u00ebsisht se asnj\u00ebher\u00eb nuk ka gjetur konfirmim t\u00eb plot\u00eb.<\/p>\n<p>Ky lajm ka qen\u00eb nj\u00eb nga temat m\u00eb t\u00eb diskutuara n\u00eb lidhje me jet\u00ebn e \u00e7iftit mbret\u00ebror, q\u00eb ka ngjallur interes t\u00eb madh nd\u00ebr vite.<\/p>\n<p>N\u00eb fund t\u00eb vitit 2024, Harry dhe Meghan u duk\u00ebn t\u00eb jetonin nj\u00eb periudh\u00eb t\u00eb ndar\u00eb, pasi q\u00eb gjat\u00eb pjes\u00ebs s\u00eb dyt\u00eb t\u00eb vitit ata u shfaq\u00ebn vet\u00ebm n\u00eb disa aktivitete publike.<\/p>\n<p>Megjithat\u00eb, ata vendos\u00ebn t\u00eb fillonin vitin 2025 duke konfirmuar se do t\u00eb jen\u00eb s\u00eb bashku n\u00eb Vancouver p\u00ebr t\u00eb marr\u00eb pjes\u00eb n\u00eb Invictus Games n\u00eb shkurt.<\/p>\n<p>Ky ishte nj\u00eb lajm pozitiv p\u00ebr fansat e \u00e7iftit, por q\u00eb nuk mundi t\u00eb shuh\u00eb t\u00eb gjitha dyshimet dhe thashethemet p\u00ebr nj\u00eb kriz\u00eb t\u00eb mundshme n\u00eb marr\u00ebdh\u00ebnien e tyre.<\/p>\n<p>Disa media jan\u00eb t\u00eb mendimit se lidhja mes tyre ka marr\u00eb fund, nd\u00ebrsa t\u00eb tjer\u00eb jan\u00eb t\u00eb bindur se ata nuk kan\u00eb asnj\u00eb plan p\u00ebr t\u2019i dh\u00ebn\u00eb fund martes\u00ebs.<\/p>\n<p>Nj\u00eb burim pran\u00eb \u00e7iftit \u00ebsht\u00eb cituar n\u00eb faqen e njohur \u201cPage Six\u201d, duke shpjeguar se, pavar\u00ebsisht spekulimeve, Harry dhe Meghan jan\u00eb t\u00eb nd\u00ebrthurur thell\u00eb n\u00eb nj\u00ebri-tjetrin dhe vlera e tyre q\u00ebndron n\u00eb marr\u00ebdh\u00ebnien q\u00eb ata kan\u00eb.<\/p>\n<p>Burimi shton se, madje n\u00ebse ata do t\u00eb donin t\u00eb ndaheshin, do t\u00eb kishin v\u00ebshtir\u00ebsi ta b\u00ebnin at\u00eb. Sipas k\u00ebtij burimi, t\u00eb dy jan\u00eb shum\u00eb t\u00eb lidhur dhe mund t\u00eb p\u00ebrshkruhen si \u201cnarcisist\u00eb\u201d, q\u00eb do t\u00eb thot\u00eb se jan\u00eb shum\u00eb t\u00eb fokusuar n\u00eb marr\u00ebdh\u00ebnien mes tyre.<\/p>\n<p>N\u00eb k\u00ebt\u00eb kontekst, nj\u00eb mund\u00ebsi divorci duket t\u00eb jet\u00eb nj\u00eb hap q\u00eb do t\u00eb kishte pasoja t\u00eb m\u00ebdha, ve\u00e7an\u00ebrisht sepse Meghan dhe Harry kan\u00eb n\u00ebnshkruar kontrata t\u00eb r\u00ebnd\u00ebsishme tregtare s\u00eb bashku, t\u00eb cilat do t\u00eb ndikoheshin ndjesh\u00ebm nga nj\u00eb ndarje.<\/p>\n","protected":false},"excerpt":{"rendered":"<p>P\u00ebrflitet p\u00ebr nj\u00eb divorc mes princit Harry dhe Meghan Markle jan\u00eb kthyer s\u00ebrish n\u00eb qend\u00ebr t\u00eb v\u00ebmendjes, nj\u00eb tem\u00eb q\u00eb vazhdon t\u00eb bu\u00e7as\u00eb her\u00eb pas here, pavar\u00ebsisht se asnj\u00ebher\u00eb nuk ka gjetur konfirmim t\u00eb plot\u00eb. Ky lajm ka qen\u00eb nj\u00eb nga temat m\u00eb t\u00eb diskutuara n\u00eb lidhje me jet\u00ebn e \u00e7iftit mbret\u00ebror, q\u00eb ka ngjallur<\/p>\n","protected":false},"author":1,"featured_media":10543,"comment_status":"open","ping_status":"open","sticky":false,"template":"","format":"standard","meta":{"footnotes":""},"categories":[10],"tags":[],"class_list":{"0":"post-10542","1":"post","2":"type-post","3":"status-publish","4":"format-standard","5":"has-post-thumbnail","7":"category-showbiz"},"_links":{"self":[{"href":"https:\/\/revistatrend.com\/index.php\/wp-json\/wp\/v2\/posts\/10542","targetHints":{"allow":["GET"]}}],"collection":[{"href":"https:\/\/revistatrend.com\/index.php\/wp-json\/wp\/v2\/posts"}],"about":[{"href":"https:\/\/revistatrend.com\/index.php\/wp-json\/wp\/v2\/types\/post"}],"author":[{"embeddable":true,"href":"https:\/\/revistatrend.com\/index.php\/wp-json\/wp\/v2\/users\/1"}],"replies":[{"embeddable":true,"href":"https:\/\/revistatrend.com\/index.php\/wp-json\/wp\/v2\/comments?post=10542"}],"version-history":[{"count":1,"href":"https:\/\/revistatrend.com\/index.php\/wp-json\/wp\/v2\/posts\/10542\/revisions"}],"predecessor-version":[{"id":10544,"href":"https:\/\/revistatrend.com\/index.php\/wp-json\/wp\/v2\/posts\/10542\/revisions\/10544"}],"wp:featuredmedia":[{"embeddable":true,"href":"https:\/\/revistatrend.com\/index.php\/wp-json\/wp\/v2\/media\/10543"}],"wp:attachment":[{"href":"https:\/\/revistatrend.com\/index.php\/wp-json\/wp\/v2\/media?parent=10542"}],"wp:term":[{"taxonomy":"category","embeddable":true,"href":"https:\/\/revistatrend.com\/index.php\/wp-json\/wp\/v2\/categories?post=10542"},{"taxonomy":"post_tag","embeddable":true,"href":"https:\/\/revistatrend.com\/index.php\/wp-json\/wp\/v2\/tags?post=10542"}],"curies":[{"name":"wp","href":"https:\/\/api.w.org\/{rel}","templated":true}]}}