{"id":10545,"date":"2025-02-12T17:25:12","date_gmt":"2025-02-12T17:25:12","guid":{"rendered":"https:\/\/revistatrend.com\/?p=10545"},"modified":"2025-02-12T17:25:12","modified_gmt":"2025-02-12T17:25:12","slug":"fituesi-i-bbvip-kosova-jam-tronditur-njerez-te-panjohur-vijne-dhe-hyjne-ne-shtepi","status":"publish","type":"post","link":"https:\/\/revistatrend.com\/index.php\/2025\/02\/12\/fituesi-i-bbvip-kosova-jam-tronditur-njerez-te-panjohur-vijne-dhe-hyjne-ne-shtepi\/","title":{"rendered":"Fituesi i BBVIP Kosova: Jam tronditur, njer\u00ebz t\u00eb panjohur vijn\u00eb dhe hyjn\u00eb n\u00eb sht\u00ebpi!"},"content":{"rendered":"<p>Drilon Rama ka realizuar \u2018vlog\u2019-un e par\u00eb pas daljes nga Big Brother VIP Kosova 3, ku edhe u shpall fitues.<\/p>\n<p>Ai ka folur p\u00ebr eksperienc\u00ebn n\u00eb k\u00ebt\u00eb format, loj\u00ebn q\u00eb ka zhvilluar si dhe p\u00ebr raportet me ish-banor\u00ebt.<\/p>\n<p>Flet gjithashtu p\u00ebr sfid\u00ebn m\u00eb t\u00eb madhe q\u00eb ka hasur brenda dhe se si \u00ebsht\u00eb pritur jasht\u00eb nga njer\u00ebzit q\u00eb e kan\u00eb ndjekur.<\/p>\n<p>\u201cSfida m\u00eb e madhe personalisht ka qen\u00eb q\u00eb \u00ebsht\u00eb dashur t\u00eb rri m\u00eb shum\u00eb njer\u00ebz se un\u00eb jam m\u00ebsuar me pak njer\u00ebz, rrethin tim e kam shum\u00eb t\u00eb vog\u00ebl edhe q\u00eb t\u00eb kan\u00eb g\u00ebnjyer n\u00eb sy, t\u00eb kan\u00eb ofenduar, bullizuar. Ti prap\u00eb se prap\u00eb \u00ebsht\u00eb dashur t\u00eb mbash kontaktin me ta, se je n\u00eb nj\u00eb sht\u00ebpi. Nuk \u00ebsht\u00eb sikur jasht\u00eb se ti jasht\u00eb nuk flet, qajo ka qen\u00eb sfida personalisht m\u00eb e madhe. Un\u00eb jam marr\u00eb me t\u00eb p\u00ebr shkak t\u00eb loj\u00ebs\u201d, u shpreh ai.<\/p>\n<p>Tutje tha: \u201cMe \u00e7ka jam krenar, nuk ka pasur ndonj\u00eb moment q\u00eb kam dal\u00eb shum\u00eb prej vetes, q\u00eb e kam f\u00eblliqur goj\u00ebn. P\u00ebr momentin nuk jam marr\u00eb me banor\u00eb shum\u00eb t\u00eb Big-ut. Po mbase t\u2019i p\u00ebrfundoj shikoj me k\u00eb t\u00eb m\u00eb rrihet\u201d.<\/p>\n<p>Mes tjerash fituesi i edicionit t\u00eb tret\u00eb shtoi: \u201cKa pasur njer\u00ebz q\u00eb na kan\u00eb hyr\u00eb n\u00eb sht\u00ebpi, ka pasur momente kur kan\u00eb thirrur disa vajza q\u00eb kan\u00eb qar\u00eb n\u00ebp\u00ebr telefon, edhe disa n\u00ebna q\u00eb i kam takuar jasht\u00eb m\u00eb kan\u00eb th\u00ebn\u00eb \u2018ishalla b\u00ebhet djali im si ti\u2019. M\u00eb kan\u00eb prekur m\u00eb shum\u00eb, m\u00eb kan\u00eb g\u00ebzuar\u201d.<\/p>\n","protected":false},"excerpt":{"rendered":"<p>Drilon Rama ka realizuar \u2018vlog\u2019-un e par\u00eb pas daljes nga Big Brother VIP Kosova 3, ku edhe u shpall fitues. Ai ka folur p\u00ebr eksperienc\u00ebn n\u00eb k\u00ebt\u00eb format, loj\u00ebn q\u00eb ka zhvilluar si dhe p\u00ebr raportet me ish-banor\u00ebt. Flet gjithashtu p\u00ebr sfid\u00ebn m\u00eb t\u00eb madhe q\u00eb ka hasur brenda dhe se si \u00ebsht\u00eb pritur jasht\u00eb<\/p>\n","protected":false},"author":1,"featured_media":10546,"comment_status":"open","ping_status":"open","sticky":false,"template":"","format":"standard","meta":{"footnotes":""},"categories":[10],"tags":[],"class_list":{"0":"post-10545","1":"post","2":"type-post","3":"status-publish","4":"format-standard","5":"has-post-thumbnail","7":"category-showbiz"},"_links":{"self":[{"href":"https:\/\/revistatrend.com\/index.php\/wp-json\/wp\/v2\/posts\/10545","targetHints":{"allow":["GET"]}}],"collection":[{"href":"https:\/\/revistatrend.com\/index.php\/wp-json\/wp\/v2\/posts"}],"about":[{"href":"https:\/\/revistatrend.com\/index.php\/wp-json\/wp\/v2\/types\/post"}],"author":[{"embeddable":true,"href":"https:\/\/revistatrend.com\/index.php\/wp-json\/wp\/v2\/users\/1"}],"replies":[{"embeddable":true,"href":"https:\/\/revistatrend.com\/index.php\/wp-json\/wp\/v2\/comments?post=10545"}],"version-history":[{"count":1,"href":"https:\/\/revistatrend.com\/index.php\/wp-json\/wp\/v2\/posts\/10545\/revisions"}],"predecessor-version":[{"id":10547,"href":"https:\/\/revistatrend.com\/index.php\/wp-json\/wp\/v2\/posts\/10545\/revisions\/10547"}],"wp:featuredmedia":[{"embeddable":true,"href":"https:\/\/revistatrend.com\/index.php\/wp-json\/wp\/v2\/media\/10546"}],"wp:attachment":[{"href":"https:\/\/revistatrend.com\/index.php\/wp-json\/wp\/v2\/media?parent=10545"}],"wp:term":[{"taxonomy":"category","embeddable":true,"href":"https:\/\/revistatrend.com\/index.php\/wp-json\/wp\/v2\/categories?post=10545"},{"taxonomy":"post_tag","embeddable":true,"href":"https:\/\/revistatrend.com\/index.php\/wp-json\/wp\/v2\/tags?post=10545"}],"curies":[{"name":"wp","href":"https:\/\/api.w.org\/{rel}","templated":true}]}}