{"id":10551,"date":"2025-02-12T17:27:57","date_gmt":"2025-02-12T17:27:57","guid":{"rendered":"https:\/\/revistatrend.com\/?p=10551"},"modified":"2025-02-12T17:27:57","modified_gmt":"2025-02-12T17:27:57","slug":"po-terhiqem-egli-e-lenduar-nga-deklarata-e-gjestit-per-xheneten","status":"publish","type":"post","link":"https:\/\/revistatrend.com\/index.php\/2025\/02\/12\/po-terhiqem-egli-e-lenduar-nga-deklarata-e-gjestit-per-xheneten\/","title":{"rendered":"&#8220;Po t\u00ebrhiqem&#8230;&#8221;\/ Egli e l\u00ebnduar nga deklarata e Gjestit p\u00ebr Xhenet\u00ebn!"},"content":{"rendered":"<p>Spektakli i mbr\u00ebmjes s\u00eb djeshme n\u00eb \u201cBig Brother VIP Albania\u201d, solli emocione t\u00eb forta dhe tensione n\u00eb sht\u00ebpi, pasi Gjesti p\u00ebr her\u00eb t\u00eb par\u00eb pa dhe d\u00ebgjoi deklaratat q\u00eb Xheneta kishte dh\u00ebn\u00eb n\u00eb \u2018Fan Club\u2019 n\u00eb lidhje me marr\u00ebdh\u00ebnien e tyre t\u00eb m\u00ebparshme.<\/p>\n<p>I ndodhur p\u00ebrball\u00eb k\u00ebtyre deklaratave, Gjesti sqaroi se n\u00eb lidhjen e tij me Eglin nuk kishte luajtur n\u00eb asnj\u00eb moment, por n\u00ebse kjo \u00ebsht\u00eb kuptuar ndryshe dhe ka shkaktuar dhimbje, ai \u00ebsht\u00eb i gatsh\u00ebm t\u00eb t\u00ebrhiqet.Pas kthimit n\u00eb \u2018living\u2019, situata mori nj\u00eb tjet\u00ebr kthes\u00eb emocionale, kur Egli, me lot n\u00eb sy, i dha dor\u00ebn Gjestit dhe i tha qart\u00eb:<\/p>\n<p>\u201cPo t\u00ebrhiqem un\u00eb nga ky raport\u201d, tha ajo.<\/p>\n","protected":false},"excerpt":{"rendered":"<p>Spektakli i mbr\u00ebmjes s\u00eb djeshme n\u00eb \u201cBig Brother VIP Albania\u201d, solli emocione t\u00eb forta dhe tensione n\u00eb sht\u00ebpi, pasi Gjesti p\u00ebr her\u00eb t\u00eb par\u00eb pa dhe d\u00ebgjoi deklaratat q\u00eb Xheneta kishte dh\u00ebn\u00eb n\u00eb \u2018Fan Club\u2019 n\u00eb lidhje me marr\u00ebdh\u00ebnien e tyre t\u00eb m\u00ebparshme. I ndodhur p\u00ebrball\u00eb k\u00ebtyre deklaratave, Gjesti sqaroi se n\u00eb lidhjen e tij<\/p>\n","protected":false},"author":1,"featured_media":10552,"comment_status":"open","ping_status":"open","sticky":false,"template":"","format":"standard","meta":{"footnotes":""},"categories":[10],"tags":[],"class_list":{"0":"post-10551","1":"post","2":"type-post","3":"status-publish","4":"format-standard","5":"has-post-thumbnail","7":"category-showbiz"},"_links":{"self":[{"href":"https:\/\/revistatrend.com\/index.php\/wp-json\/wp\/v2\/posts\/10551","targetHints":{"allow":["GET"]}}],"collection":[{"href":"https:\/\/revistatrend.com\/index.php\/wp-json\/wp\/v2\/posts"}],"about":[{"href":"https:\/\/revistatrend.com\/index.php\/wp-json\/wp\/v2\/types\/post"}],"author":[{"embeddable":true,"href":"https:\/\/revistatrend.com\/index.php\/wp-json\/wp\/v2\/users\/1"}],"replies":[{"embeddable":true,"href":"https:\/\/revistatrend.com\/index.php\/wp-json\/wp\/v2\/comments?post=10551"}],"version-history":[{"count":1,"href":"https:\/\/revistatrend.com\/index.php\/wp-json\/wp\/v2\/posts\/10551\/revisions"}],"predecessor-version":[{"id":10553,"href":"https:\/\/revistatrend.com\/index.php\/wp-json\/wp\/v2\/posts\/10551\/revisions\/10553"}],"wp:featuredmedia":[{"embeddable":true,"href":"https:\/\/revistatrend.com\/index.php\/wp-json\/wp\/v2\/media\/10552"}],"wp:attachment":[{"href":"https:\/\/revistatrend.com\/index.php\/wp-json\/wp\/v2\/media?parent=10551"}],"wp:term":[{"taxonomy":"category","embeddable":true,"href":"https:\/\/revistatrend.com\/index.php\/wp-json\/wp\/v2\/categories?post=10551"},{"taxonomy":"post_tag","embeddable":true,"href":"https:\/\/revistatrend.com\/index.php\/wp-json\/wp\/v2\/tags?post=10551"}],"curies":[{"name":"wp","href":"https:\/\/api.w.org\/{rel}","templated":true}]}}