{"id":10572,"date":"2025-02-14T18:11:08","date_gmt":"2025-02-14T18:11:08","guid":{"rendered":"https:\/\/revistatrend.com\/?p=10572"},"modified":"2025-02-14T18:11:08","modified_gmt":"2025-02-14T18:11:08","slug":"hena-e-plote-naten-e-shen-valentinit-si-do-ta-shijojne-romantiket","status":"publish","type":"post","link":"https:\/\/revistatrend.com\/index.php\/2025\/02\/14\/hena-e-plote-naten-e-shen-valentinit-si-do-ta-shijojne-romantiket\/","title":{"rendered":"H\u00ebna e plot\u00eb nat\u00ebn e Sh\u00ebn Valentinit! Si do ta shijojn\u00eb romantik\u00ebt!"},"content":{"rendered":"<p>H\u00ebna e plot\u00eb e dyt\u00eb e vitit, e njohur si H\u00ebna e D\u00ebbor\u00ebs, do t\u00eb shfaqet n\u00eb koh\u00ebn e duhur p\u00ebr Dit\u00ebn e Sh\u00ebn Valentinit.<\/p>\n<p>Shkurti \u00ebsht\u00eb gjithashtu muaji ideal p\u00ebr t\u00eb par\u00eb Venusin, planetin e em\u00ebruar sipas per\u00ebndesh\u00ebs romake t\u00eb dashuris\u00eb, pasi k\u00ebt\u00eb muaj ai shk\u00eblqen m\u00eb fort se kurr\u00eb, sipas NASA-s.<\/p>\n<p>Kur do t\u00eb ndodh\u00eb H\u00ebna e D\u00ebbor\u00ebs n\u00eb 2025? Sipas NASA-s, H\u00ebna e D\u00ebbor\u00ebs do t\u00eb arrij\u00eb kulmin e saj m\u00eb 12 shkurt 2025. Sipas Old Farmer\u2019s Almanac, h\u00ebna e plot\u00eb e shkurtit u quajt H\u00ebna e D\u00ebbor\u00ebs p\u00ebr shkak t\u00eb reshjeve t\u00eb m\u00ebdha t\u00eb bor\u00ebs q\u00eb ndodhin zakonisht n\u00eb k\u00ebt\u00eb periudh\u00eb t\u00eb vitit. Ky almanak ka publikuar emrat e h\u00ebnave t\u00eb plota q\u00eb nga vitet 1930.<br \/>\nShum\u00eb fise indigjene amerikane n\u00eb veriper\u00ebndim t\u00eb SHBA-s\u00eb e quanin k\u00ebt\u00eb h\u00ebn\u00eb edhe H\u00ebna e Stuhive, p\u00ebr shkak t\u00eb stuhive t\u00eb shpeshta t\u00eb bor\u00ebs, ose H\u00ebna e Uris\u00eb, pasi kushtet e ashpra t\u00eb dimrit e b\u00ebnin gjuetin\u00eb m\u00eb t\u00eb v\u00ebshtir\u00eb. \u00c7far\u00eb tjet\u00ebr mund t\u00eb shihet n\u00eb qiell gjat\u00eb shkurtit? Sipas NASA-s, shkurti do t\u00eb sjell\u00eb nj\u00eb pamje mahnit\u00ebse t\u00eb planet\u00ebve t\u00eb ndritsh\u00ebm, me Venusin n\u00eb kulmin e tij dhe Jupiterin e Marsin q\u00eb do t\u00eb dominojn\u00eb qiellin e nat\u00ebs. Ja \u00e7far\u00eb t\u00eb k\u00ebrkoni:<\/p>\n<p>M\u00ebrkuri \u2013 Do t\u00eb duket pak mbi horizont n\u00eb fund t\u00eb shkurtit, duke ndri\u00e7uar pas per\u00ebndimit t\u00eb diellit.<\/p>\n<p>Venusi \u2013 Planeti m\u00eb i ndritsh\u00ebm i muajit, i duksh\u00ebm n\u00eb per\u00ebndim pas per\u00ebndimit t\u00eb diellit.<\/p>\n<p>Marsi \u2013 Do t\u00eb shfaqet si nj\u00eb drit\u00eb portokalli n\u00eb lindje \u00e7do mbr\u00ebmje, duke u zhdukur disa or\u00eb para agimit.<\/p>\n<p>Jupiteri \u2013 Nj\u00eb prani e ndritshme lart n\u00eb qiell gjat\u00eb mbr\u00ebmjeve.<\/p>\n<p>Saturni \u2013 Pak i zbeht\u00eb, por i duksh\u00ebm posht\u00eb n\u00eb per\u00ebndim menj\u00ebher\u00eb pas per\u00ebndimit t\u00eb diellit, duke u ulur m\u00eb posht\u00eb gjat\u00eb muajit.<\/p>\n<p>N\u00ebse qielli \u00ebsht\u00eb i kthjell\u00ebt, nata e shkurtit do t\u00eb ofroj\u00eb nj\u00eb pamje magjike p\u00ebrtej H\u00ebn\u00ebs s\u00eb D\u00ebbor\u00ebs.<\/p>\n","protected":false},"excerpt":{"rendered":"<p>H\u00ebna e plot\u00eb e dyt\u00eb e vitit, e njohur si H\u00ebna e D\u00ebbor\u00ebs, do t\u00eb shfaqet n\u00eb koh\u00ebn e duhur p\u00ebr Dit\u00ebn e Sh\u00ebn Valentinit. Shkurti \u00ebsht\u00eb gjithashtu muaji ideal p\u00ebr t\u00eb par\u00eb Venusin, planetin e em\u00ebruar sipas per\u00ebndesh\u00ebs romake t\u00eb dashuris\u00eb, pasi k\u00ebt\u00eb muaj ai shk\u00eblqen m\u00eb fort se kurr\u00eb, sipas NASA-s. Kur do<\/p>\n","protected":false},"author":1,"featured_media":10573,"comment_status":"open","ping_status":"open","sticky":false,"template":"","format":"standard","meta":{"footnotes":""},"categories":[2],"tags":[],"class_list":{"0":"post-10572","1":"post","2":"type-post","3":"status-publish","4":"format-standard","5":"has-post-thumbnail","7":"category-lifestyle"},"_links":{"self":[{"href":"https:\/\/revistatrend.com\/index.php\/wp-json\/wp\/v2\/posts\/10572","targetHints":{"allow":["GET"]}}],"collection":[{"href":"https:\/\/revistatrend.com\/index.php\/wp-json\/wp\/v2\/posts"}],"about":[{"href":"https:\/\/revistatrend.com\/index.php\/wp-json\/wp\/v2\/types\/post"}],"author":[{"embeddable":true,"href":"https:\/\/revistatrend.com\/index.php\/wp-json\/wp\/v2\/users\/1"}],"replies":[{"embeddable":true,"href":"https:\/\/revistatrend.com\/index.php\/wp-json\/wp\/v2\/comments?post=10572"}],"version-history":[{"count":1,"href":"https:\/\/revistatrend.com\/index.php\/wp-json\/wp\/v2\/posts\/10572\/revisions"}],"predecessor-version":[{"id":10574,"href":"https:\/\/revistatrend.com\/index.php\/wp-json\/wp\/v2\/posts\/10572\/revisions\/10574"}],"wp:featuredmedia":[{"embeddable":true,"href":"https:\/\/revistatrend.com\/index.php\/wp-json\/wp\/v2\/media\/10573"}],"wp:attachment":[{"href":"https:\/\/revistatrend.com\/index.php\/wp-json\/wp\/v2\/media?parent=10572"}],"wp:term":[{"taxonomy":"category","embeddable":true,"href":"https:\/\/revistatrend.com\/index.php\/wp-json\/wp\/v2\/categories?post=10572"},{"taxonomy":"post_tag","embeddable":true,"href":"https:\/\/revistatrend.com\/index.php\/wp-json\/wp\/v2\/tags?post=10572"}],"curies":[{"name":"wp","href":"https:\/\/api.w.org\/{rel}","templated":true}]}}