{"id":10581,"date":"2025-02-14T18:33:54","date_gmt":"2025-02-14T18:33:54","guid":{"rendered":"https:\/\/revistatrend.com\/?p=10581"},"modified":"2025-02-14T18:33:54","modified_gmt":"2025-02-14T18:33:54","slug":"cristiano-ronaldo-nuk-e-perjashton-rikthimin-ne-real-madrid-do-te-ishte-mire","status":"publish","type":"post","link":"https:\/\/revistatrend.com\/index.php\/2025\/02\/14\/cristiano-ronaldo-nuk-e-perjashton-rikthimin-ne-real-madrid-do-te-ishte-mire\/","title":{"rendered":"Cristiano Ronaldo nuk e p\u00ebrjashton rikthimin n\u00eb Real Madrid: Do t\u00eb ishte mir\u00eb!"},"content":{"rendered":"<p>Cristiano Ronaldo ka folur p\u00ebr El Chiringuito p\u00ebr largimin e tij nga Real Madrid.<br \/>\nSulmuesi portugez shpjegoi procesin e negociatave me klubin spanjoll, \u00e7far\u00eb e motivoi t\u00eb shkonte n\u00eb Juve, si dhe l\u00ebnien e hapur t\u00eb opsionit p\u00ebr nj\u00eb rikthim n\u00eb Bernabeu.<\/p>\n<p>\u201cDoja nj\u00eb sken\u00eb tjet\u00ebr, skena ime ishte e mbyllur. Doja nj\u00eb motivim tjet\u00ebr. Nuk m\u00eb lodhi, ishte di\u00e7ka q\u00eb i thash\u00eb presidentit, ai ra dakord q\u00eb mund t\u00eb largohesha. Ne ishim n\u00eb nj\u00eb faz\u00eb negociatash dhe ai nuk u soll aq mir\u00eb me mua, e kuptoj sepse e b\u00ebn gjithmon\u00eb. Nuk mund t\u00eb kthehesha, sepse i dhash\u00eb fjal\u00ebn time Juventusit dhe presidentit, e vler\u00ebsova shum\u00eb seriozisht,\u201d.<\/p>\n<p>Edhe pse largimi i tij i befasoi t\u00eb gjith\u00eb n\u00eb 2018-\u00ebn, Cristiano Ronaldo nuk e p\u00ebrjashton kthimin n\u00eb Real Madrid n\u00eb faz\u00ebn e fundit t\u00eb karrier\u00ebs s\u00eb tij, ku ai shkroi emrin e tij n\u00eb librat e historis\u00eb.<\/p>\n<p>\u201cNj\u00eb dit\u00eb ndoshta. Nuk e p\u00ebrjashtoj. Kam l\u00ebn\u00eb nj\u00eb trash\u00ebgimi atje, nj\u00eb gjurm\u00eb t\u00eb bukur atje. Ndoshta n\u00eb fund t\u00eb karrier\u00ebs sime mund t\u00eb b\u00ebjm\u00eb di\u00e7ka t\u00eb lezetshme, me 80.000 njer\u00ebz. Njer\u00ebzit n\u00eb dit\u00ebt e sotme i vler\u00ebsojn\u00eb ato duele me Barcelon\u00ebn, ne jetuam nj\u00eb jav\u00eb me tension. Tifoz\u00ebt, TV duke folur p\u00ebr loj\u00ebn. Madrid-Barcelona ishte nj\u00eb rivalitet i bukur, Ramosi.\u201d<\/p>\n","protected":false},"excerpt":{"rendered":"<p>Cristiano Ronaldo ka folur p\u00ebr El Chiringuito p\u00ebr largimin e tij nga Real Madrid. Sulmuesi portugez shpjegoi procesin e negociatave me klubin spanjoll, \u00e7far\u00eb e motivoi t\u00eb shkonte n\u00eb Juve, si dhe l\u00ebnien e hapur t\u00eb opsionit p\u00ebr nj\u00eb rikthim n\u00eb Bernabeu. \u201cDoja nj\u00eb sken\u00eb tjet\u00ebr, skena ime ishte e mbyllur. Doja nj\u00eb motivim tjet\u00ebr.<\/p>\n","protected":false},"author":1,"featured_media":10582,"comment_status":"open","ping_status":"open","sticky":false,"template":"","format":"standard","meta":{"footnotes":""},"categories":[10],"tags":[],"class_list":{"0":"post-10581","1":"post","2":"type-post","3":"status-publish","4":"format-standard","5":"has-post-thumbnail","7":"category-showbiz"},"_links":{"self":[{"href":"https:\/\/revistatrend.com\/index.php\/wp-json\/wp\/v2\/posts\/10581","targetHints":{"allow":["GET"]}}],"collection":[{"href":"https:\/\/revistatrend.com\/index.php\/wp-json\/wp\/v2\/posts"}],"about":[{"href":"https:\/\/revistatrend.com\/index.php\/wp-json\/wp\/v2\/types\/post"}],"author":[{"embeddable":true,"href":"https:\/\/revistatrend.com\/index.php\/wp-json\/wp\/v2\/users\/1"}],"replies":[{"embeddable":true,"href":"https:\/\/revistatrend.com\/index.php\/wp-json\/wp\/v2\/comments?post=10581"}],"version-history":[{"count":1,"href":"https:\/\/revistatrend.com\/index.php\/wp-json\/wp\/v2\/posts\/10581\/revisions"}],"predecessor-version":[{"id":10583,"href":"https:\/\/revistatrend.com\/index.php\/wp-json\/wp\/v2\/posts\/10581\/revisions\/10583"}],"wp:featuredmedia":[{"embeddable":true,"href":"https:\/\/revistatrend.com\/index.php\/wp-json\/wp\/v2\/media\/10582"}],"wp:attachment":[{"href":"https:\/\/revistatrend.com\/index.php\/wp-json\/wp\/v2\/media?parent=10581"}],"wp:term":[{"taxonomy":"category","embeddable":true,"href":"https:\/\/revistatrend.com\/index.php\/wp-json\/wp\/v2\/categories?post=10581"},{"taxonomy":"post_tag","embeddable":true,"href":"https:\/\/revistatrend.com\/index.php\/wp-json\/wp\/v2\/tags?post=10581"}],"curies":[{"name":"wp","href":"https:\/\/api.w.org\/{rel}","templated":true}]}}