{"id":10590,"date":"2025-02-14T18:36:50","date_gmt":"2025-02-14T18:36:50","guid":{"rendered":"https:\/\/revistatrend.com\/?p=10590"},"modified":"2025-02-14T18:36:50","modified_gmt":"2025-02-14T18:36:50","slug":"perkeqesohet-serish-gjendja-shendetesore-e-papa-franceskut","status":"publish","type":"post","link":"https:\/\/revistatrend.com\/index.php\/2025\/02\/14\/perkeqesohet-serish-gjendja-shendetesore-e-papa-franceskut\/","title":{"rendered":"P\u00ebrkeq\u00ebsohet s\u00ebrish gjendja sh\u00ebndet\u00ebsore e Papa Fran\u00e7eskut!"},"content":{"rendered":"<p>Papa Fran\u00e7esku po merr trajtim spitalor. Sipas njoftimit zyrtar Papa u shtrua n\u00eb Poliklinik\u00ebn Agostino Gemelli p\u00ebr disa analiza t\u00eb nevojshme. Gjithashtu Papa po merr trajtim p\u00ebr bronkitin akut.<\/p>\n<p>Bergoglio, i cili n\u00eb dhjetor mbushi 88 vje\u00e7, prej rreth dhjet\u00eb dit\u00ebsh nuk \u00ebsht\u00eb mir\u00eb sa i takon gjendjes sh\u00ebndet\u00ebsore. Ai duket i lodhur, ka pak z\u00eb dhe fytyra i \u00ebsht\u00eb fryr\u00eb si dikush q\u00eb i n\u00ebnshtrohet terapis\u00eb kortizonike p\u00ebr t\u00eb marr\u00eb frym\u00eb m\u00eb mir\u00eb.<br \/>\nP\u00ebr her\u00eb t\u00eb fundit Papa ishte shtruar n\u00eb spital n\u00eb qershor t\u00eb vitit 2023, ku kreu nj\u00eb operacion n\u00eb zorr\u00eb.<\/p>\n","protected":false},"excerpt":{"rendered":"<p>Papa Fran\u00e7esku po merr trajtim spitalor. Sipas njoftimit zyrtar Papa u shtrua n\u00eb Poliklinik\u00ebn Agostino Gemelli p\u00ebr disa analiza t\u00eb nevojshme. Gjithashtu Papa po merr trajtim p\u00ebr bronkitin akut. Bergoglio, i cili n\u00eb dhjetor mbushi 88 vje\u00e7, prej rreth dhjet\u00eb dit\u00ebsh nuk \u00ebsht\u00eb mir\u00eb sa i takon gjendjes sh\u00ebndet\u00ebsore. Ai duket i lodhur, ka pak<\/p>\n","protected":false},"author":1,"featured_media":10591,"comment_status":"open","ping_status":"open","sticky":false,"template":"","format":"standard","meta":{"footnotes":""},"categories":[2],"tags":[],"class_list":{"0":"post-10590","1":"post","2":"type-post","3":"status-publish","4":"format-standard","5":"has-post-thumbnail","7":"category-lifestyle"},"_links":{"self":[{"href":"https:\/\/revistatrend.com\/index.php\/wp-json\/wp\/v2\/posts\/10590","targetHints":{"allow":["GET"]}}],"collection":[{"href":"https:\/\/revistatrend.com\/index.php\/wp-json\/wp\/v2\/posts"}],"about":[{"href":"https:\/\/revistatrend.com\/index.php\/wp-json\/wp\/v2\/types\/post"}],"author":[{"embeddable":true,"href":"https:\/\/revistatrend.com\/index.php\/wp-json\/wp\/v2\/users\/1"}],"replies":[{"embeddable":true,"href":"https:\/\/revistatrend.com\/index.php\/wp-json\/wp\/v2\/comments?post=10590"}],"version-history":[{"count":1,"href":"https:\/\/revistatrend.com\/index.php\/wp-json\/wp\/v2\/posts\/10590\/revisions"}],"predecessor-version":[{"id":10592,"href":"https:\/\/revistatrend.com\/index.php\/wp-json\/wp\/v2\/posts\/10590\/revisions\/10592"}],"wp:featuredmedia":[{"embeddable":true,"href":"https:\/\/revistatrend.com\/index.php\/wp-json\/wp\/v2\/media\/10591"}],"wp:attachment":[{"href":"https:\/\/revistatrend.com\/index.php\/wp-json\/wp\/v2\/media?parent=10590"}],"wp:term":[{"taxonomy":"category","embeddable":true,"href":"https:\/\/revistatrend.com\/index.php\/wp-json\/wp\/v2\/categories?post=10590"},{"taxonomy":"post_tag","embeddable":true,"href":"https:\/\/revistatrend.com\/index.php\/wp-json\/wp\/v2\/tags?post=10590"}],"curies":[{"name":"wp","href":"https:\/\/api.w.org\/{rel}","templated":true}]}}