{"id":10612,"date":"2025-02-17T19:51:15","date_gmt":"2025-02-17T19:51:15","guid":{"rendered":"https:\/\/revistatrend.com\/?p=10612"},"modified":"2025-02-17T19:51:15","modified_gmt":"2025-02-17T19:51:15","slug":"5-milione-kompensim-pas-ndarjes-west-dhe-bianca-censori-drejt-divorcit-cfare-po-ndodh-me-ciftin","status":"publish","type":"post","link":"https:\/\/revistatrend.com\/index.php\/2025\/02\/17\/5-milione-kompensim-pas-ndarjes-west-dhe-bianca-censori-drejt-divorcit-cfare-po-ndodh-me-ciftin\/","title":{"rendered":"5 milion\u00eb kompensim pas ndarjes, West dhe Bianca Censori drejt divorcit! \u00c7far\u00eb po ndodh me \u00e7iftin!"},"content":{"rendered":"<p>Kanye West dhe Bianca Censori jan\u00eb n\u00eb prag t\u00eb divorcit pas tre vitesh martes\u00eb.<br \/>\nLajmi \u00ebsht\u00eb konfirmuar nga burime t\u00eb af\u00ebrta me reperin. Dyshja ka shp\u00ebrthyer n\u00eb dit\u00ebt e fundit, dhe shum\u00eb media raportojn\u00eb se k\u00ebrkesa p\u00ebr divorc \u00ebsht\u00eb vet\u00ebm nj\u00eb \u00e7\u00ebshtje kohe.<\/p>\n<p>Sipas Daily Mail, tensionet mes tyre nis\u00ebn gjat\u00eb ceremonis\u00eb s\u00eb Grammy-ve dhe u intensifikuan pas shp\u00ebrthimit t\u00eb reperit me komente antisemitike n\u00eb X\/Twitter. Pas k\u00ebtyre ngjarjeve, Bianca Censori vendosi t\u00eb distancohej nga Kanye, duke i dh\u00ebn\u00eb fund marr\u00ebdh\u00ebnies s\u00eb tyre t\u00eb mbushur me tensione dhe manipulime.<\/p>\n<p>Sipas raportimeve, Bianca do t\u00eb marr\u00eb 5 milion\u00eb dollar\u00eb nga Kanye si kompensim pas ndarjes, nj\u00eb marr\u00ebveshje q\u00eb ata kishin b\u00ebr\u00eb verbalisht. Deri tani, ajo ka mbetur n\u00eb rezidenc\u00ebn e Yeezy n\u00eb Los Angeles, megjith\u00ebse nuk dihet n\u00ebse Kanye ndodhet aty. Disa burime thon\u00eb se pas ceremonis\u00eb s\u00eb Grammy-ve dhe shp\u00ebrthimit t\u00eb marr\u00ebdh\u00ebnies, Kanye \u00ebsht\u00eb rikthyer n\u00eb Japoni, ku kaloi shumic\u00ebn e vitit t\u00eb kaluar, duke q\u00ebndruar n\u00eb hotele.<\/p>\n","protected":false},"excerpt":{"rendered":"<p>Kanye West dhe Bianca Censori jan\u00eb n\u00eb prag t\u00eb divorcit pas tre vitesh martes\u00eb. Lajmi \u00ebsht\u00eb konfirmuar nga burime t\u00eb af\u00ebrta me reperin. Dyshja ka shp\u00ebrthyer n\u00eb dit\u00ebt e fundit, dhe shum\u00eb media raportojn\u00eb se k\u00ebrkesa p\u00ebr divorc \u00ebsht\u00eb vet\u00ebm nj\u00eb \u00e7\u00ebshtje kohe. Sipas Daily Mail, tensionet mes tyre nis\u00ebn gjat\u00eb ceremonis\u00eb s\u00eb Grammy-ve dhe<\/p>\n","protected":false},"author":1,"featured_media":10613,"comment_status":"open","ping_status":"open","sticky":false,"template":"","format":"standard","meta":{"footnotes":""},"categories":[10],"tags":[],"class_list":{"0":"post-10612","1":"post","2":"type-post","3":"status-publish","4":"format-standard","5":"has-post-thumbnail","7":"category-showbiz"},"_links":{"self":[{"href":"https:\/\/revistatrend.com\/index.php\/wp-json\/wp\/v2\/posts\/10612","targetHints":{"allow":["GET"]}}],"collection":[{"href":"https:\/\/revistatrend.com\/index.php\/wp-json\/wp\/v2\/posts"}],"about":[{"href":"https:\/\/revistatrend.com\/index.php\/wp-json\/wp\/v2\/types\/post"}],"author":[{"embeddable":true,"href":"https:\/\/revistatrend.com\/index.php\/wp-json\/wp\/v2\/users\/1"}],"replies":[{"embeddable":true,"href":"https:\/\/revistatrend.com\/index.php\/wp-json\/wp\/v2\/comments?post=10612"}],"version-history":[{"count":1,"href":"https:\/\/revistatrend.com\/index.php\/wp-json\/wp\/v2\/posts\/10612\/revisions"}],"predecessor-version":[{"id":10614,"href":"https:\/\/revistatrend.com\/index.php\/wp-json\/wp\/v2\/posts\/10612\/revisions\/10614"}],"wp:featuredmedia":[{"embeddable":true,"href":"https:\/\/revistatrend.com\/index.php\/wp-json\/wp\/v2\/media\/10613"}],"wp:attachment":[{"href":"https:\/\/revistatrend.com\/index.php\/wp-json\/wp\/v2\/media?parent=10612"}],"wp:term":[{"taxonomy":"category","embeddable":true,"href":"https:\/\/revistatrend.com\/index.php\/wp-json\/wp\/v2\/categories?post=10612"},{"taxonomy":"post_tag","embeddable":true,"href":"https:\/\/revistatrend.com\/index.php\/wp-json\/wp\/v2\/tags?post=10612"}],"curies":[{"name":"wp","href":"https:\/\/api.w.org\/{rel}","templated":true}]}}