{"id":10615,"date":"2025-02-17T19:52:15","date_gmt":"2025-02-17T19:52:15","guid":{"rendered":"https:\/\/revistatrend.com\/?p=10615"},"modified":"2025-02-17T19:52:15","modified_gmt":"2025-02-17T19:52:15","slug":"ti-je-motivi-i-jetes-sime-miriami-surprizon-albanin-ne-diten-e-dashurise","status":"publish","type":"post","link":"https:\/\/revistatrend.com\/index.php\/2025\/02\/17\/ti-je-motivi-i-jetes-sime-miriami-surprizon-albanin-ne-diten-e-dashurise\/","title":{"rendered":"&#8220;Ti je motivi i jet\u00ebs sime&#8230;&#8221;\/ Miriami surprizon Albanin n\u00eb dit\u00ebn e dashuris\u00eb!"},"content":{"rendered":"<p>Dje n\u00eb dit\u00ebn e t\u00eb dashuruarve, Miriam Cani, i ka b\u00ebr\u00eb nj\u00eb dedikim emocionues bashk\u00ebshortit t\u00eb saj, Alban Sk\u00ebnderaj.<\/p>\n<p>P\u00ebrmes nj\u00eb postimi n\u00eb rrjetin social Instagram, Miriami shpreh mir\u00ebnjohjen e saj p\u00ebr familjen q\u00eb ka krijuar me k\u00ebng\u00ebtarin, nd\u00ebrsa fal\u00ebnderon Zotin p\u00ebr t\u00eb gjitha bekimet q\u00eb ka n\u00eb jet\u00eb.<br \/>\nPostimi i plot\u00eb<\/p>\n<p>Ti ke q\u00ebn\u00eb dhe mbetesh njeriu q\u00eb, pa kushte e pa lodhje, m\u00eb ke dhuruar \u00e7do dit\u00eb ve\u00e7 dashuri. Nuk ka kaluar asnj\u00eb m\u00ebngjes pa fjal\u00ebt e tua t\u00eb embla, asnj\u00eb mbr\u00ebmje pa kujtes\u00ebn e p\u00ebrhershme se sa shum\u00eb me do dhe sa krenar je p\u00ebr mua.<\/p>\n<p>N\u00eb \u00e7astet e mia m\u00eb t\u00eb brishta ti ke qen\u00eb shtylla ime e pal\u00ebkundur. Ve\u00e7 ti m\u00eb njeh deri n\u00eb thell\u00ebsi te shpirtit. Sa shum\u00eb qeshim e qajm\u00eb bashk\u00eb. (Un\u00eb qaj pak m\u00eb shum\u00eb I kno\u00eb)<\/p>\n<p>\u00c7do dit\u00eb m\u00eb tregon me sh\u00ebmbullin t\u00ebnd se \u00e7\u2019do t\u00eb thot\u00eb t\u00eb jesh njeri. T\u00eb duash pa rezerva, t\u00eb jesh gjithmon\u00eb i drejt\u00eb dhe i ndersh\u00ebm, t\u00eb ndjesh dhembshuri p\u00ebr boten pa humbur fuqin\u00eb p\u00ebr t\u00eb q\u00ebndruar i fort\u00eb.<\/p>\n<p>Ti je motivi i jet\u00ebs sime, forca ime, drita ime. Dhe p\u00ebr k\u00ebt\u00eb, une i jam mir\u00ebnjohes Zotit q\u00eb m\u00eb ka bekuar me nj\u00eb familje q\u00eb dikur ishte vet\u00ebm nj\u00eb \u00ebnd\u00ebrr, por q\u00eb sot \u00ebsht\u00eb realiteti im m\u00eb i bukur.<\/p>\n<p>Jeta me ty \u00ebsht\u00eb \u00e7do dit\u00eb nj\u00eb Sh\u00ebn Valentin.<\/p>\n","protected":false},"excerpt":{"rendered":"<p>Dje n\u00eb dit\u00ebn e t\u00eb dashuruarve, Miriam Cani, i ka b\u00ebr\u00eb nj\u00eb dedikim emocionues bashk\u00ebshortit t\u00eb saj, Alban Sk\u00ebnderaj. P\u00ebrmes nj\u00eb postimi n\u00eb rrjetin social Instagram, Miriami shpreh mir\u00ebnjohjen e saj p\u00ebr familjen q\u00eb ka krijuar me k\u00ebng\u00ebtarin, nd\u00ebrsa fal\u00ebnderon Zotin p\u00ebr t\u00eb gjitha bekimet q\u00eb ka n\u00eb jet\u00eb. Postimi i plot\u00eb Ti ke q\u00ebn\u00eb<\/p>\n","protected":false},"author":1,"featured_media":10616,"comment_status":"open","ping_status":"open","sticky":false,"template":"","format":"standard","meta":{"footnotes":""},"categories":[10],"tags":[],"class_list":{"0":"post-10615","1":"post","2":"type-post","3":"status-publish","4":"format-standard","5":"has-post-thumbnail","7":"category-showbiz"},"_links":{"self":[{"href":"https:\/\/revistatrend.com\/index.php\/wp-json\/wp\/v2\/posts\/10615","targetHints":{"allow":["GET"]}}],"collection":[{"href":"https:\/\/revistatrend.com\/index.php\/wp-json\/wp\/v2\/posts"}],"about":[{"href":"https:\/\/revistatrend.com\/index.php\/wp-json\/wp\/v2\/types\/post"}],"author":[{"embeddable":true,"href":"https:\/\/revistatrend.com\/index.php\/wp-json\/wp\/v2\/users\/1"}],"replies":[{"embeddable":true,"href":"https:\/\/revistatrend.com\/index.php\/wp-json\/wp\/v2\/comments?post=10615"}],"version-history":[{"count":1,"href":"https:\/\/revistatrend.com\/index.php\/wp-json\/wp\/v2\/posts\/10615\/revisions"}],"predecessor-version":[{"id":10617,"href":"https:\/\/revistatrend.com\/index.php\/wp-json\/wp\/v2\/posts\/10615\/revisions\/10617"}],"wp:featuredmedia":[{"embeddable":true,"href":"https:\/\/revistatrend.com\/index.php\/wp-json\/wp\/v2\/media\/10616"}],"wp:attachment":[{"href":"https:\/\/revistatrend.com\/index.php\/wp-json\/wp\/v2\/media?parent=10615"}],"wp:term":[{"taxonomy":"category","embeddable":true,"href":"https:\/\/revistatrend.com\/index.php\/wp-json\/wp\/v2\/categories?post=10615"},{"taxonomy":"post_tag","embeddable":true,"href":"https:\/\/revistatrend.com\/index.php\/wp-json\/wp\/v2\/tags?post=10615"}],"curies":[{"name":"wp","href":"https:\/\/api.w.org\/{rel}","templated":true}]}}