{"id":10630,"date":"2025-02-25T13:51:38","date_gmt":"2025-02-25T13:51:38","guid":{"rendered":"https:\/\/revistatrend.com\/?p=10630"},"modified":"2025-02-25T13:51:38","modified_gmt":"2025-02-25T13:51:38","slug":"g-bani-akuza-produksionit-te-bbvip4-gjesti-po-merr-informacion-nga-jashte","status":"publish","type":"post","link":"https:\/\/revistatrend.com\/index.php\/2025\/02\/25\/g-bani-akuza-produksionit-te-bbvip4-gjesti-po-merr-informacion-nga-jashte\/","title":{"rendered":"G Bani akuza produksionit t\u00eb BBVIP4: Gjesti po merr informacion nga jasht\u00eb!"},"content":{"rendered":"<p>G Bani ka ngritur dyshime t\u00eb forta mbi ndershm\u00ebrin\u00eb e loj\u00ebs n\u00eb Big Brother, duke sugjeruar se disa lojtar\u00eb mund t\u00eb jen\u00eb duke marr\u00eb informacione nga jasht\u00eb dhe se mund t\u00eb mb\u00ebshteten nga produksioni.<\/p>\n<p>K\u00ebto pretendime kan\u00eb ndezur debate t\u00eb shumta mes ndjek\u00ebsve t\u00eb reality show-t, duke v\u00ebn\u00eb n\u00eb pik\u00ebpyetje transparenc\u00ebn e gar\u00ebs.<\/p>\n<p>Sipas tij, disa banor\u00eb duket se kan\u00eb nj\u00eb avantazh t\u00eb padrejt\u00eb, duke reaguar n\u00eb m\u00ebnyr\u00eb t\u00eb \u00e7uditshme ndaj ngjarjeve brenda sht\u00ebpis\u00eb, sikur t\u00eb kishin dijeni paraprake p\u00ebr situata t\u00eb caktuara.Kush i tha miut me knu kund\u00ebr meje kang\u00ebt e atyne q\u00eb po protestonin jasht\u00eb sht\u00ebpis\u00eb n\u00eb favor t\u00eb tij?<\/p>\n<p>Kush i tha miut me u fut n\u00eb dush me 5 femna t\u00eb sht\u00ebpis\u00eb masi dola un\u00eb foto me ishin e vet n\u00eb Kosov\u00eb?<\/p>\n<p>Kush i tha mamadhis me fol p\u00ebr \u201ckokrra\u201d mas shpifjeve n\u00eb komente, kur sa koh\u00eb isha n\u00eb sht\u00ebpi nuk kishte p\u00ebrmen kurr\u00eb di\u00e7ka t\u00eb till\u00eb?<\/p>\n<p>Kush e nxori Livin &amp; Lorin n\u00eb nominim kok\u00eb m\u00eb kok\u00eb, 2 vajzat q\u00eb m\u00eb kan\u2019 p\u00ebrkrah ma fort\u00eb n\u00eb sht\u00ebpi?<\/p>\n<p>Kush vendosi mos me u permen n\u00eb Prime kapja e durve t\u00eb Lorit nga Rozana?<\/p>\n<p>Kush e vendos finalen midis Rozan\u00ebs, Gjestit, Gert\u00ebs &amp; Laertit? Kur numrat e popullaritetit t\u00eb 3 prej ktyne jan\u00eb t\u00eb ul\u00ebt?- shprehet G Bani nd\u00ebr t\u00eb tjera.<\/p>\n","protected":false},"excerpt":{"rendered":"<p>G Bani ka ngritur dyshime t\u00eb forta mbi ndershm\u00ebrin\u00eb e loj\u00ebs n\u00eb Big Brother, duke sugjeruar se disa lojtar\u00eb mund t\u00eb jen\u00eb duke marr\u00eb informacione nga jasht\u00eb dhe se mund t\u00eb mb\u00ebshteten nga produksioni. K\u00ebto pretendime kan\u00eb ndezur debate t\u00eb shumta mes ndjek\u00ebsve t\u00eb reality show-t, duke v\u00ebn\u00eb n\u00eb pik\u00ebpyetje transparenc\u00ebn e gar\u00ebs. Sipas tij,<\/p>\n","protected":false},"author":1,"featured_media":10631,"comment_status":"open","ping_status":"open","sticky":false,"template":"","format":"standard","meta":{"footnotes":""},"categories":[10],"tags":[],"class_list":{"0":"post-10630","1":"post","2":"type-post","3":"status-publish","4":"format-standard","5":"has-post-thumbnail","7":"category-showbiz"},"_links":{"self":[{"href":"https:\/\/revistatrend.com\/index.php\/wp-json\/wp\/v2\/posts\/10630","targetHints":{"allow":["GET"]}}],"collection":[{"href":"https:\/\/revistatrend.com\/index.php\/wp-json\/wp\/v2\/posts"}],"about":[{"href":"https:\/\/revistatrend.com\/index.php\/wp-json\/wp\/v2\/types\/post"}],"author":[{"embeddable":true,"href":"https:\/\/revistatrend.com\/index.php\/wp-json\/wp\/v2\/users\/1"}],"replies":[{"embeddable":true,"href":"https:\/\/revistatrend.com\/index.php\/wp-json\/wp\/v2\/comments?post=10630"}],"version-history":[{"count":1,"href":"https:\/\/revistatrend.com\/index.php\/wp-json\/wp\/v2\/posts\/10630\/revisions"}],"predecessor-version":[{"id":10632,"href":"https:\/\/revistatrend.com\/index.php\/wp-json\/wp\/v2\/posts\/10630\/revisions\/10632"}],"wp:featuredmedia":[{"embeddable":true,"href":"https:\/\/revistatrend.com\/index.php\/wp-json\/wp\/v2\/media\/10631"}],"wp:attachment":[{"href":"https:\/\/revistatrend.com\/index.php\/wp-json\/wp\/v2\/media?parent=10630"}],"wp:term":[{"taxonomy":"category","embeddable":true,"href":"https:\/\/revistatrend.com\/index.php\/wp-json\/wp\/v2\/categories?post=10630"},{"taxonomy":"post_tag","embeddable":true,"href":"https:\/\/revistatrend.com\/index.php\/wp-json\/wp\/v2\/tags?post=10630"}],"curies":[{"name":"wp","href":"https:\/\/api.w.org\/{rel}","templated":true}]}}