{"id":10645,"date":"2025-02-25T14:00:28","date_gmt":"2025-02-25T14:00:28","guid":{"rendered":"https:\/\/revistatrend.com\/?p=10645"},"modified":"2025-02-25T14:00:28","modified_gmt":"2025-02-25T14:00:28","slug":"po-filloj-te-dyshoj-ish-banorja-e-bbvip4-flet-per-lidhjen-me-tirin-dhe-loredanen","status":"publish","type":"post","link":"https:\/\/revistatrend.com\/index.php\/2025\/02\/25\/po-filloj-te-dyshoj-ish-banorja-e-bbvip4-flet-per-lidhjen-me-tirin-dhe-loredanen\/","title":{"rendered":"&#8220;Po filloj t\u00eb dyshoj&#8230;&#8221;\/ Ish-banorja e BBVIP4 flet p\u00ebr lidhjen me Tirin dhe Loredan\u00ebn!"},"content":{"rendered":"<p>Mbr\u00ebmjen e djeshme, Krista ishte e ftuar n\u00eb emisionin \u201cBig Brother Radio\u201d. Ajo b\u00ebri nj\u00eb analiz\u00eb m\u00eb t\u00eb holl\u00ebsishme rreth strategjis\u00eb s\u00eb saj por edhe lidhjes me Tirin dhe deklarat\u00ebn q\u00eb dha Loredana.<\/p>\n<p>Pyetje\u2013 Si q\u00ebndron e v\u00ebrteta sipas Kris\u00ebs?<br \/>\nKrisa\u2013 Aman se na e kan\u00eb b\u00ebr\u00eb k\u00ebt\u00eb, o Zot i madh. S\u2019po dim\u00eb as vet\u00eb tani. Po filloj t\u00eb dyshoj kam qen\u00eb, apo jo. Shiko si \u00ebsht\u00eb puna. Un\u00eb n\u00eb nj\u00eb vit marr\u00ebdh\u00ebnie me Tirin, nj\u00eb vit e pak, kam qen\u00eb n\u00eb \u00e7do live t\u00eb tij p\u00ebr k\u00ebnaq\u00ebsin\u00eb time p\u00ebr ta d\u00ebgjuar sigurisht se \u00ebsht\u00eb super artist. N\u00eb lokalin ku kemi qen\u00eb, un\u00eb e mbaj mend shum\u00eb mir\u00eb, Tiri ka shkuar t\u00eb takoj\u00eb dy shoqet veta, q\u00eb i kemi p\u00ebrmendur edhe n\u00eb Big dhe i p\u00ebrsh\u00ebndes shum\u00eb. Mesa duket aty ka qen\u00eb edhe Loredana s\u00eb bashku me nj\u00eb tjet\u00ebr djal\u00eb. Bateristin se nuk ja kam iden\u00eb fare se aty \u00ebsht\u00eb b\u00ebr\u00eb nj\u00eb l\u00ebmsh n\u00eb sht\u00ebpi. Ai i ka takuar. Ka q\u00ebndruar pak me ato mikesha. Un\u00eb kam qen\u00eb n\u00eb nj\u00eb tavolin\u00eb me 2-3 mikeshat e mia, por Tiri sigurisht kur mbaroi live q\u00ebndroi me mua. Takon vajzat, mbaron muhabetet q\u00eb ka dhe vjen tek un\u00eb.<\/p>\n<p>Pyetje\u2013 P\u00ebr ardhjen e k\u00ebsaj situate n\u00eb sht\u00ebpi, ajo shprehet:<\/p>\n<p>Krisa\u2013 N\u00eb sht\u00ebpi \u00ebsht\u00eb rihapur ky muhabet sepse kur Tiri ka hyr\u00eb n\u00eb sht\u00ebpi ka th\u00ebn\u00eb q\u00eb njeh Rozin, Eglin, por edhe Gert\u00ebn deri diku. Edhe Klajdin sepse jan\u00eb artista, pra k\u00ebto q\u00eb jan\u00eb t\u00eb bot\u00ebs s\u00eb artit. Me Loredan\u00ebn as mua nuk ma ka p\u00ebrmendur edhe jasht\u00eb dhe po i thoshte \u2018gjith\u00eb k\u00ebto jav\u00eb ti s\u2019je kujtuar p\u00ebr mua\u2019. Tiri i ka th\u00ebn\u00eb q\u00eb \u2018ke pasur pamje tjet\u00ebr\u2019. Plus err\u00ebsir\u00eb. Ishte n\u00eb nj\u00eb lokal nate. Nuk mund t\u00eb t\u00eb fiksoj\u00eb njeriu. Pse duhet t\u00eb t\u00eb mbaj\u00eb mend kur nuk kishte interes p\u00ebr ty mbi t\u00eb gjitha. Ka qen\u00eb vet\u00eb Loredana q\u00eb i ka th\u00ebn\u00eb \u2018ne jemi takuar diku bashk\u00eb\u2019.<\/p>\n","protected":false},"excerpt":{"rendered":"<p>Mbr\u00ebmjen e djeshme, Krista ishte e ftuar n\u00eb emisionin \u201cBig Brother Radio\u201d. Ajo b\u00ebri nj\u00eb analiz\u00eb m\u00eb t\u00eb holl\u00ebsishme rreth strategjis\u00eb s\u00eb saj por edhe lidhjes me Tirin dhe deklarat\u00ebn q\u00eb dha Loredana. Pyetje\u2013 Si q\u00ebndron e v\u00ebrteta sipas Kris\u00ebs? Krisa\u2013 Aman se na e kan\u00eb b\u00ebr\u00eb k\u00ebt\u00eb, o Zot i madh. S\u2019po dim\u00eb as<\/p>\n","protected":false},"author":1,"featured_media":10646,"comment_status":"open","ping_status":"open","sticky":false,"template":"","format":"standard","meta":{"footnotes":""},"categories":[10],"tags":[],"class_list":{"0":"post-10645","1":"post","2":"type-post","3":"status-publish","4":"format-standard","5":"has-post-thumbnail","7":"category-showbiz"},"_links":{"self":[{"href":"https:\/\/revistatrend.com\/index.php\/wp-json\/wp\/v2\/posts\/10645","targetHints":{"allow":["GET"]}}],"collection":[{"href":"https:\/\/revistatrend.com\/index.php\/wp-json\/wp\/v2\/posts"}],"about":[{"href":"https:\/\/revistatrend.com\/index.php\/wp-json\/wp\/v2\/types\/post"}],"author":[{"embeddable":true,"href":"https:\/\/revistatrend.com\/index.php\/wp-json\/wp\/v2\/users\/1"}],"replies":[{"embeddable":true,"href":"https:\/\/revistatrend.com\/index.php\/wp-json\/wp\/v2\/comments?post=10645"}],"version-history":[{"count":1,"href":"https:\/\/revistatrend.com\/index.php\/wp-json\/wp\/v2\/posts\/10645\/revisions"}],"predecessor-version":[{"id":10647,"href":"https:\/\/revistatrend.com\/index.php\/wp-json\/wp\/v2\/posts\/10645\/revisions\/10647"}],"wp:featuredmedia":[{"embeddable":true,"href":"https:\/\/revistatrend.com\/index.php\/wp-json\/wp\/v2\/media\/10646"}],"wp:attachment":[{"href":"https:\/\/revistatrend.com\/index.php\/wp-json\/wp\/v2\/media?parent=10645"}],"wp:term":[{"taxonomy":"category","embeddable":true,"href":"https:\/\/revistatrend.com\/index.php\/wp-json\/wp\/v2\/categories?post=10645"},{"taxonomy":"post_tag","embeddable":true,"href":"https:\/\/revistatrend.com\/index.php\/wp-json\/wp\/v2\/tags?post=10645"}],"curies":[{"name":"wp","href":"https:\/\/api.w.org\/{rel}","templated":true}]}}