{"id":10763,"date":"2025-03-06T14:57:02","date_gmt":"2025-03-06T14:57:02","guid":{"rendered":"https:\/\/revistatrend.com\/?p=10763"},"modified":"2025-03-06T14:57:02","modified_gmt":"2025-03-06T14:57:02","slug":"a-ishte-genjeshter-semundja-e-babait-g-bani-tregon-te-verteten","status":"publish","type":"post","link":"https:\/\/revistatrend.com\/index.php\/2025\/03\/06\/a-ishte-genjeshter-semundja-e-babait-g-bani-tregon-te-verteten\/","title":{"rendered":"A ishte g\u00ebnjesht\u00ebr s\u00ebmundja e babait? G Bani tregon t\u00eb v\u00ebrtet\u00ebn!"},"content":{"rendered":"<p>Largim i G Banit p\u00ebr shkak t\u00eb problemeve sh\u00ebndet\u00ebsore t\u00eb babait, ngriti dyshime n\u00eb rrjet dhe midis banor\u00ebve, n\u00ebse kjo ishte arsyeja e v\u00ebrtet\u00eb apo jo.<br \/>\nBani ka reaguar n\u00eb nj\u00eb Instastory, ku ka sqaruar se motivi i largimit t\u00eb tij ishte i v\u00ebrtet\u00eb, duke konfirmuar se i ati ka shfaqur probleme sh\u00ebndet\u00ebsore.<\/p>\n<p>\u201cFaleminderit t\u00eb gjith\u00ebve p\u00ebr fjal\u00ebt e mira dhe p\u00ebrkrahjen. Jo, nuk \u00ebsht\u00eb g\u00ebnjesht\u00ebr.\u201d, shkruan ai.<\/p>\n","protected":false},"excerpt":{"rendered":"<p>Largim i G Banit p\u00ebr shkak t\u00eb problemeve sh\u00ebndet\u00ebsore t\u00eb babait, ngriti dyshime n\u00eb rrjet dhe midis banor\u00ebve, n\u00ebse kjo ishte arsyeja e v\u00ebrtet\u00eb apo jo. Bani ka reaguar n\u00eb nj\u00eb Instastory, ku ka sqaruar se motivi i largimit t\u00eb tij ishte i v\u00ebrtet\u00eb, duke konfirmuar se i ati ka shfaqur probleme sh\u00ebndet\u00ebsore. \u201cFaleminderit t\u00eb<\/p>\n","protected":false},"author":1,"featured_media":10764,"comment_status":"open","ping_status":"open","sticky":false,"template":"","format":"standard","meta":{"footnotes":""},"categories":[10],"tags":[],"class_list":{"0":"post-10763","1":"post","2":"type-post","3":"status-publish","4":"format-standard","5":"has-post-thumbnail","7":"category-showbiz"},"_links":{"self":[{"href":"https:\/\/revistatrend.com\/index.php\/wp-json\/wp\/v2\/posts\/10763","targetHints":{"allow":["GET"]}}],"collection":[{"href":"https:\/\/revistatrend.com\/index.php\/wp-json\/wp\/v2\/posts"}],"about":[{"href":"https:\/\/revistatrend.com\/index.php\/wp-json\/wp\/v2\/types\/post"}],"author":[{"embeddable":true,"href":"https:\/\/revistatrend.com\/index.php\/wp-json\/wp\/v2\/users\/1"}],"replies":[{"embeddable":true,"href":"https:\/\/revistatrend.com\/index.php\/wp-json\/wp\/v2\/comments?post=10763"}],"version-history":[{"count":1,"href":"https:\/\/revistatrend.com\/index.php\/wp-json\/wp\/v2\/posts\/10763\/revisions"}],"predecessor-version":[{"id":10765,"href":"https:\/\/revistatrend.com\/index.php\/wp-json\/wp\/v2\/posts\/10763\/revisions\/10765"}],"wp:featuredmedia":[{"embeddable":true,"href":"https:\/\/revistatrend.com\/index.php\/wp-json\/wp\/v2\/media\/10764"}],"wp:attachment":[{"href":"https:\/\/revistatrend.com\/index.php\/wp-json\/wp\/v2\/media?parent=10763"}],"wp:term":[{"taxonomy":"category","embeddable":true,"href":"https:\/\/revistatrend.com\/index.php\/wp-json\/wp\/v2\/categories?post=10763"},{"taxonomy":"post_tag","embeddable":true,"href":"https:\/\/revistatrend.com\/index.php\/wp-json\/wp\/v2\/tags?post=10763"}],"curies":[{"name":"wp","href":"https:\/\/api.w.org\/{rel}","templated":true}]}}