{"id":10766,"date":"2025-03-06T14:58:00","date_gmt":"2025-03-06T14:58:00","guid":{"rendered":"https:\/\/revistatrend.com\/?p=10766"},"modified":"2025-03-06T14:58:00","modified_gmt":"2025-03-06T14:58:00","slug":"g-bani-largohet-nga-bbvip4-pas-lajmit-te-trishtuar-per-babain","status":"publish","type":"post","link":"https:\/\/revistatrend.com\/index.php\/2025\/03\/06\/g-bani-largohet-nga-bbvip4-pas-lajmit-te-trishtuar-per-babain\/","title":{"rendered":"G Bani largohet nga BBVIP4, pas lajmit t\u00eb trishtuar p\u00ebr babain!"},"content":{"rendered":"<p>Dje Big Brother ka nisur n\u00eb nj\u00eb m\u00ebnyr\u00eb t\u00eb pazakont\u00eb. Ledioni ka hyr\u00eb brenda sht\u00ebpis\u00eb s\u00eb Big Brother p\u00ebr t\u2019i dh\u00ebn\u00eb nj\u00eb lajm nj\u00ebrit prej banor\u00ebve.<\/p>\n<p>Ledioni i tha G-Banit se babai i tij ka p\u00ebsuar ishemi cerebrale dhe ndodhet i shtruar n\u00eb spital, n\u00eb gjendje t\u00eb stabilizuar. Direkt pas k\u00ebtij njoftimi G-Bani u largua bashk\u00eb me Ledionin, edhe do niset direkt p\u00ebr n\u00eb Lond\u00ebr, ku \u00ebsht\u00eb i shtruar i ati.<\/p>\n","protected":false},"excerpt":{"rendered":"<p>Dje Big Brother ka nisur n\u00eb nj\u00eb m\u00ebnyr\u00eb t\u00eb pazakont\u00eb. Ledioni ka hyr\u00eb brenda sht\u00ebpis\u00eb s\u00eb Big Brother p\u00ebr t\u2019i dh\u00ebn\u00eb nj\u00eb lajm nj\u00ebrit prej banor\u00ebve. Ledioni i tha G-Banit se babai i tij ka p\u00ebsuar ishemi cerebrale dhe ndodhet i shtruar n\u00eb spital, n\u00eb gjendje t\u00eb stabilizuar. Direkt pas k\u00ebtij njoftimi G-Bani u largua<\/p>\n","protected":false},"author":1,"featured_media":10767,"comment_status":"open","ping_status":"open","sticky":false,"template":"","format":"standard","meta":{"footnotes":""},"categories":[10],"tags":[],"class_list":{"0":"post-10766","1":"post","2":"type-post","3":"status-publish","4":"format-standard","5":"has-post-thumbnail","7":"category-showbiz"},"_links":{"self":[{"href":"https:\/\/revistatrend.com\/index.php\/wp-json\/wp\/v2\/posts\/10766","targetHints":{"allow":["GET"]}}],"collection":[{"href":"https:\/\/revistatrend.com\/index.php\/wp-json\/wp\/v2\/posts"}],"about":[{"href":"https:\/\/revistatrend.com\/index.php\/wp-json\/wp\/v2\/types\/post"}],"author":[{"embeddable":true,"href":"https:\/\/revistatrend.com\/index.php\/wp-json\/wp\/v2\/users\/1"}],"replies":[{"embeddable":true,"href":"https:\/\/revistatrend.com\/index.php\/wp-json\/wp\/v2\/comments?post=10766"}],"version-history":[{"count":1,"href":"https:\/\/revistatrend.com\/index.php\/wp-json\/wp\/v2\/posts\/10766\/revisions"}],"predecessor-version":[{"id":10768,"href":"https:\/\/revistatrend.com\/index.php\/wp-json\/wp\/v2\/posts\/10766\/revisions\/10768"}],"wp:featuredmedia":[{"embeddable":true,"href":"https:\/\/revistatrend.com\/index.php\/wp-json\/wp\/v2\/media\/10767"}],"wp:attachment":[{"href":"https:\/\/revistatrend.com\/index.php\/wp-json\/wp\/v2\/media?parent=10766"}],"wp:term":[{"taxonomy":"category","embeddable":true,"href":"https:\/\/revistatrend.com\/index.php\/wp-json\/wp\/v2\/categories?post=10766"},{"taxonomy":"post_tag","embeddable":true,"href":"https:\/\/revistatrend.com\/index.php\/wp-json\/wp\/v2\/tags?post=10766"}],"curies":[{"name":"wp","href":"https:\/\/api.w.org\/{rel}","templated":true}]}}