{"id":10940,"date":"2025-03-22T16:50:10","date_gmt":"2025-03-22T16:50:10","guid":{"rendered":"https:\/\/revistatrend.com\/?p=10940"},"modified":"2025-03-22T16:50:10","modified_gmt":"2025-03-22T16:50:10","slug":"dafina-zeqiri-sqaron-per-here-te-pare-arsyen-pse-vazhdon-te-mbaje-koncerte-edhe-pse-shtatzene","status":"publish","type":"post","link":"https:\/\/revistatrend.com\/index.php\/2025\/03\/22\/dafina-zeqiri-sqaron-per-here-te-pare-arsyen-pse-vazhdon-te-mbaje-koncerte-edhe-pse-shtatzene\/","title":{"rendered":"Dafina Zeqiri sqaron p\u00ebr her\u00eb t\u00eb par\u00eb arsyen pse vazhdon t\u00eb mbaj\u00eb koncerte edhe pse shtatz\u00ebn\u00eb!"},"content":{"rendered":"<p>K\u00ebng\u00ebtarja e njohur shqiptare, Dafina Zeqiri, \u00ebsht\u00eb kritikuar se po mban koncerte, dhe vazhdon t\u00eb performoj\u00eb derisa \u00ebsht\u00eb n\u00eb pritje t\u00eb \u00ebmb\u00ebl.<\/p>\n<p>K\u00ebtyre komenteve negative, iu ka kund\u00ebrp\u00ebrgjigjur artistja.<\/p>\n<p>Dafina thot\u00eb se muzik\u00ebn dhe performimin e b\u00ebn pasi \u00ebsht\u00eb terapi p\u00ebr t\u00eb, jo p\u00ebr shkaqe financiare, por p\u00ebr dashurin\u00eb e madhe q\u00eb ka p\u00ebr k\u00ebt\u00eb profesion.<\/p>\n","protected":false},"excerpt":{"rendered":"<p>K\u00ebng\u00ebtarja e njohur shqiptare, Dafina Zeqiri, \u00ebsht\u00eb kritikuar se po mban koncerte, dhe vazhdon t\u00eb performoj\u00eb derisa \u00ebsht\u00eb n\u00eb pritje t\u00eb \u00ebmb\u00ebl. K\u00ebtyre komenteve negative, iu ka kund\u00ebrp\u00ebrgjigjur artistja. Dafina thot\u00eb se muzik\u00ebn dhe performimin e b\u00ebn pasi \u00ebsht\u00eb terapi p\u00ebr t\u00eb, jo p\u00ebr shkaqe financiare, por p\u00ebr dashurin\u00eb e madhe q\u00eb ka p\u00ebr k\u00ebt\u00eb<\/p>\n","protected":false},"author":1,"featured_media":10941,"comment_status":"open","ping_status":"open","sticky":false,"template":"","format":"standard","meta":{"footnotes":""},"categories":[10],"tags":[],"class_list":{"0":"post-10940","1":"post","2":"type-post","3":"status-publish","4":"format-standard","5":"has-post-thumbnail","7":"category-showbiz"},"_links":{"self":[{"href":"https:\/\/revistatrend.com\/index.php\/wp-json\/wp\/v2\/posts\/10940","targetHints":{"allow":["GET"]}}],"collection":[{"href":"https:\/\/revistatrend.com\/index.php\/wp-json\/wp\/v2\/posts"}],"about":[{"href":"https:\/\/revistatrend.com\/index.php\/wp-json\/wp\/v2\/types\/post"}],"author":[{"embeddable":true,"href":"https:\/\/revistatrend.com\/index.php\/wp-json\/wp\/v2\/users\/1"}],"replies":[{"embeddable":true,"href":"https:\/\/revistatrend.com\/index.php\/wp-json\/wp\/v2\/comments?post=10940"}],"version-history":[{"count":1,"href":"https:\/\/revistatrend.com\/index.php\/wp-json\/wp\/v2\/posts\/10940\/revisions"}],"predecessor-version":[{"id":10942,"href":"https:\/\/revistatrend.com\/index.php\/wp-json\/wp\/v2\/posts\/10940\/revisions\/10942"}],"wp:featuredmedia":[{"embeddable":true,"href":"https:\/\/revistatrend.com\/index.php\/wp-json\/wp\/v2\/media\/10941"}],"wp:attachment":[{"href":"https:\/\/revistatrend.com\/index.php\/wp-json\/wp\/v2\/media?parent=10940"}],"wp:term":[{"taxonomy":"category","embeddable":true,"href":"https:\/\/revistatrend.com\/index.php\/wp-json\/wp\/v2\/categories?post=10940"},{"taxonomy":"post_tag","embeddable":true,"href":"https:\/\/revistatrend.com\/index.php\/wp-json\/wp\/v2\/tags?post=10940"}],"curies":[{"name":"wp","href":"https:\/\/api.w.org\/{rel}","templated":true}]}}