{"id":10964,"date":"2025-03-24T19:10:26","date_gmt":"2025-03-24T19:10:26","guid":{"rendered":"https:\/\/revistatrend.com\/?p=10964"},"modified":"2025-03-24T19:10:26","modified_gmt":"2025-03-24T19:10:26","slug":"pas-rreth-1-muaji-papa-francesku-pritet-te-dale-nga-spitali","status":"publish","type":"post","link":"https:\/\/revistatrend.com\/index.php\/2025\/03\/24\/pas-rreth-1-muaji-papa-francesku-pritet-te-dale-nga-spitali\/","title":{"rendered":"Pas rreth 1 muaji, Papa Fran\u00e7esku pritet t\u00eb dal\u00eb nga spitali!"},"content":{"rendered":"<p>Papa Fran\u00e7esku pritet t\u00eb dal\u00eb nga spitali Gemelli i Rom\u00ebs t\u00eb diel\u00ebn m\u00eb 23 mars, than\u00eb mjek\u00ebt q\u00eb po e trajtojn\u00eb q\u00eb prej gati nj\u00eb muaji.<\/p>\n<p>88-vje\u00e7ari ka qen\u00eb n\u00eb rikuperim nga pneumonia e dyfisht\u00eb dhe do t\u00eb ket\u00eb nevoj\u00eb p\u00ebr t\u00eb pakt\u00ebn dy muaj pushim n\u00eb Vatikan pas largimit nga spitali.<\/p>\n<p>Ai \u00ebsht\u00eb par\u00eb vet\u00ebm nj\u00eb her\u00eb nga publiku q\u00eb nga momenti i pranimit n\u00eb spital m\u00eb 14 shkurt, n\u00eb nj\u00eb fotografi t\u00eb publikuar nga Vatikani jav\u00ebn e kaluar, ku ai shihet duke lutur n\u00eb nj\u00eb kish\u00eb spitalore.<\/p>\n<p>Vatikani kishte njoftuar t\u00eb premten se gjendja e Pap\u00ebs ishte p\u00ebrmir\u00ebsuar dhe stabile, me disa p\u00ebrmir\u00ebsime n\u00eb frym\u00ebmarrje dhe l\u00ebvizshm\u00ebri.<\/p>\n<p>Ata konfirmuan se ai nuk p\u00ebrdor m\u00eb ventilim mekanik p\u00ebr frym\u00ebmarrje gjat\u00eb nat\u00ebs, por merr oksigjen p\u00ebrmes nj\u00eb tubi t\u00eb vog\u00ebl n\u00ebn hund\u00eb. Gjat\u00eb dit\u00ebs, ai po p\u00ebrdor m\u00eb pak oksigjen me rrjedhje t\u00eb lart\u00eb.<\/p>\n<p>Papa Fran\u00e7esku ka kaluar gati 12 vjet si lider i Kish\u00ebs Katolike Romake. Ai ka vuajtur nga nj\u00eb num\u00ebr probleme sh\u00ebndet\u00ebsore gjat\u00eb jet\u00ebs s\u00eb tij, p\u00ebrfshir\u00eb heqjen e nj\u00eb pjese t\u00eb mushk\u00ebris\u00eb kur ishte 21 vje\u00e7, duke e b\u00ebr\u00eb m\u00eb t\u00eb prirur ndaj infeksioneve.<\/p>\n","protected":false},"excerpt":{"rendered":"<p>Papa Fran\u00e7esku pritet t\u00eb dal\u00eb nga spitali Gemelli i Rom\u00ebs t\u00eb diel\u00ebn m\u00eb 23 mars, than\u00eb mjek\u00ebt q\u00eb po e trajtojn\u00eb q\u00eb prej gati nj\u00eb muaji. 88-vje\u00e7ari ka qen\u00eb n\u00eb rikuperim nga pneumonia e dyfisht\u00eb dhe do t\u00eb ket\u00eb nevoj\u00eb p\u00ebr t\u00eb pakt\u00ebn dy muaj pushim n\u00eb Vatikan pas largimit nga spitali. Ai \u00ebsht\u00eb par\u00eb<\/p>\n","protected":false},"author":1,"featured_media":10965,"comment_status":"open","ping_status":"open","sticky":false,"template":"","format":"standard","meta":{"footnotes":""},"categories":[2],"tags":[],"class_list":{"0":"post-10964","1":"post","2":"type-post","3":"status-publish","4":"format-standard","5":"has-post-thumbnail","7":"category-lifestyle"},"_links":{"self":[{"href":"https:\/\/revistatrend.com\/index.php\/wp-json\/wp\/v2\/posts\/10964","targetHints":{"allow":["GET"]}}],"collection":[{"href":"https:\/\/revistatrend.com\/index.php\/wp-json\/wp\/v2\/posts"}],"about":[{"href":"https:\/\/revistatrend.com\/index.php\/wp-json\/wp\/v2\/types\/post"}],"author":[{"embeddable":true,"href":"https:\/\/revistatrend.com\/index.php\/wp-json\/wp\/v2\/users\/1"}],"replies":[{"embeddable":true,"href":"https:\/\/revistatrend.com\/index.php\/wp-json\/wp\/v2\/comments?post=10964"}],"version-history":[{"count":1,"href":"https:\/\/revistatrend.com\/index.php\/wp-json\/wp\/v2\/posts\/10964\/revisions"}],"predecessor-version":[{"id":10966,"href":"https:\/\/revistatrend.com\/index.php\/wp-json\/wp\/v2\/posts\/10964\/revisions\/10966"}],"wp:featuredmedia":[{"embeddable":true,"href":"https:\/\/revistatrend.com\/index.php\/wp-json\/wp\/v2\/media\/10965"}],"wp:attachment":[{"href":"https:\/\/revistatrend.com\/index.php\/wp-json\/wp\/v2\/media?parent=10964"}],"wp:term":[{"taxonomy":"category","embeddable":true,"href":"https:\/\/revistatrend.com\/index.php\/wp-json\/wp\/v2\/categories?post=10964"},{"taxonomy":"post_tag","embeddable":true,"href":"https:\/\/revistatrend.com\/index.php\/wp-json\/wp\/v2\/tags?post=10964"}],"curies":[{"name":"wp","href":"https:\/\/api.w.org\/{rel}","templated":true}]}}