{"id":10970,"date":"2025-03-25T15:24:53","date_gmt":"2025-03-25T15:24:53","guid":{"rendered":"https:\/\/revistatrend.com\/?p=10970"},"modified":"2025-03-25T15:24:53","modified_gmt":"2025-03-25T15:24:53","slug":"rizarta-flet-pas-eliminimit-nuk-hyra-ne-bbv-qe-te-ndaja-eglin-nga-gjesti","status":"publish","type":"post","link":"https:\/\/revistatrend.com\/index.php\/2025\/03\/25\/rizarta-flet-pas-eliminimit-nuk-hyra-ne-bbv-qe-te-ndaja-eglin-nga-gjesti\/","title":{"rendered":"Rizarta flet pas eliminimit: Nuk hyra n\u00eb BBV q\u00eb t\u00eb ndaja Eglin nga Gjesti!"},"content":{"rendered":"<p>N\u00eb nj\u00eb intervist\u00eb pas daljes nga sht\u00ebpia e \u201cBBV\u201d, Rizarta, ka treguar n\u00eb studion e \u2018Ftes\u00eb n\u00eb 5\u2019 se si e ka p\u00ebrjetuar k\u00ebt\u00eb rrug\u00ebtim.<\/p>\n<p>Ajo e cil\u00ebson loj\u00ebn e Eglit t\u00eb ekzagjeruar dhe se debatet me t\u00eb nuk p\u00ebrfundojn\u00eb kurr\u00eb, por vet\u00ebm p\u00ebrs\u00ebriten, sakaq theksoi se nuk hyri n\u00eb asnj\u00eb moment n\u00eb sht\u00ebpi me q\u00ebllimin p\u00ebr t\u00eb ndar\u00eb Eglin nga Gjesti.Lidhur me romanc\u00ebn e l\u00ebn\u00eb p\u00ebrgjysm\u00eb me Aldon, ish-banorja u shpreh se n\u00ebse di\u00e7ka do t\u00eb zhvillohet jasht\u00eb do ta mir\u00ebpres\u00eb, por brenda sht\u00ebpis\u00eb preferoi ta ndaloj\u00eb p\u00eblqimin p\u00ebr shkak t\u00eb sulmeve t\u00eb banor\u00ebve.<\/p>\n","protected":false},"excerpt":{"rendered":"<p>N\u00eb nj\u00eb intervist\u00eb pas daljes nga sht\u00ebpia e \u201cBBV\u201d, Rizarta, ka treguar n\u00eb studion e \u2018Ftes\u00eb n\u00eb 5\u2019 se si e ka p\u00ebrjetuar k\u00ebt\u00eb rrug\u00ebtim. Ajo e cil\u00ebson loj\u00ebn e Eglit t\u00eb ekzagjeruar dhe se debatet me t\u00eb nuk p\u00ebrfundojn\u00eb kurr\u00eb, por vet\u00ebm p\u00ebrs\u00ebriten, sakaq theksoi se nuk hyri n\u00eb asnj\u00eb moment n\u00eb sht\u00ebpi me<\/p>\n","protected":false},"author":1,"featured_media":10971,"comment_status":"open","ping_status":"open","sticky":false,"template":"","format":"standard","meta":{"footnotes":""},"categories":[10],"tags":[],"class_list":{"0":"post-10970","1":"post","2":"type-post","3":"status-publish","4":"format-standard","5":"has-post-thumbnail","7":"category-showbiz"},"_links":{"self":[{"href":"https:\/\/revistatrend.com\/index.php\/wp-json\/wp\/v2\/posts\/10970","targetHints":{"allow":["GET"]}}],"collection":[{"href":"https:\/\/revistatrend.com\/index.php\/wp-json\/wp\/v2\/posts"}],"about":[{"href":"https:\/\/revistatrend.com\/index.php\/wp-json\/wp\/v2\/types\/post"}],"author":[{"embeddable":true,"href":"https:\/\/revistatrend.com\/index.php\/wp-json\/wp\/v2\/users\/1"}],"replies":[{"embeddable":true,"href":"https:\/\/revistatrend.com\/index.php\/wp-json\/wp\/v2\/comments?post=10970"}],"version-history":[{"count":1,"href":"https:\/\/revistatrend.com\/index.php\/wp-json\/wp\/v2\/posts\/10970\/revisions"}],"predecessor-version":[{"id":10972,"href":"https:\/\/revistatrend.com\/index.php\/wp-json\/wp\/v2\/posts\/10970\/revisions\/10972"}],"wp:featuredmedia":[{"embeddable":true,"href":"https:\/\/revistatrend.com\/index.php\/wp-json\/wp\/v2\/media\/10971"}],"wp:attachment":[{"href":"https:\/\/revistatrend.com\/index.php\/wp-json\/wp\/v2\/media?parent=10970"}],"wp:term":[{"taxonomy":"category","embeddable":true,"href":"https:\/\/revistatrend.com\/index.php\/wp-json\/wp\/v2\/categories?post=10970"},{"taxonomy":"post_tag","embeddable":true,"href":"https:\/\/revistatrend.com\/index.php\/wp-json\/wp\/v2\/tags?post=10970"}],"curies":[{"name":"wp","href":"https:\/\/api.w.org\/{rel}","templated":true}]}}