{"id":11010,"date":"2025-03-26T16:20:57","date_gmt":"2025-03-26T16:20:57","guid":{"rendered":"https:\/\/revistatrend.com\/?p=11010"},"modified":"2025-03-26T16:20:57","modified_gmt":"2025-03-26T16:20:57","slug":"se-shpejti-4-einxhel-shkira-ndan-momentet-e-vecanta-nga-festa-e-baby-gender","status":"publish","type":"post","link":"https:\/\/revistatrend.com\/index.php\/2025\/03\/26\/se-shpejti-4-einxhel-shkira-ndan-momentet-e-vecanta-nga-festa-e-baby-gender\/","title":{"rendered":"S\u00eb shpejti 4! Einxhel Shkira ndan momentet e ve\u00e7anta nga festa e Baby Gender!"},"content":{"rendered":"<p>Moderatorja e njohur Einxhel Shkira dhe Dj Dagz pasi zbuluan se do t\u00eb b\u00ebheshin prind\u00ebr p\u00ebr her\u00eb t\u00eb dyt\u00eb, zbuluan edhe gjinin\u00eb e foshnj\u00ebs q\u00eb pritet t\u00eb vij\u00eb n\u00eb jet\u00eb i cili rezultoi t\u00eb jet\u00eb djal\u00eb.Vet\u00eb moderatorja ka ndar\u00eb p\u00ebr ndjek\u00ebsit n\u00eb rrjetet sociale foto familjare nga festa e \u201cBaby Gender\u201d, ku shihet pran\u00eb partnerit dhe djalit t\u00eb tyre 3 vje\u00e7ar, Trev. Me barkun e rrumbullakosur dhe nj\u00eb veshje mjaft interesante Einxhel Shkira ka pozuar n\u00eb pozicione t\u00eb ndryshme duke krijuar kujtime t\u00eb bukura p\u00ebr t\u00eb voglin i cili pritet t\u00eb vij n\u00eb jet\u00eb s\u00eb shpejti.<\/p>\n","protected":false},"excerpt":{"rendered":"<p>Moderatorja e njohur Einxhel Shkira dhe Dj Dagz pasi zbuluan se do t\u00eb b\u00ebheshin prind\u00ebr p\u00ebr her\u00eb t\u00eb dyt\u00eb, zbuluan edhe gjinin\u00eb e foshnj\u00ebs q\u00eb pritet t\u00eb vij\u00eb n\u00eb jet\u00eb i cili rezultoi t\u00eb jet\u00eb djal\u00eb.Vet\u00eb moderatorja ka ndar\u00eb p\u00ebr ndjek\u00ebsit n\u00eb rrjetet sociale foto familjare nga festa e \u201cBaby Gender\u201d, ku shihet pran\u00eb partnerit<\/p>\n","protected":false},"author":1,"featured_media":11011,"comment_status":"open","ping_status":"open","sticky":false,"template":"","format":"standard","meta":{"footnotes":""},"categories":[10],"tags":[],"class_list":{"0":"post-11010","1":"post","2":"type-post","3":"status-publish","4":"format-standard","5":"has-post-thumbnail","7":"category-showbiz"},"_links":{"self":[{"href":"https:\/\/revistatrend.com\/index.php\/wp-json\/wp\/v2\/posts\/11010","targetHints":{"allow":["GET"]}}],"collection":[{"href":"https:\/\/revistatrend.com\/index.php\/wp-json\/wp\/v2\/posts"}],"about":[{"href":"https:\/\/revistatrend.com\/index.php\/wp-json\/wp\/v2\/types\/post"}],"author":[{"embeddable":true,"href":"https:\/\/revistatrend.com\/index.php\/wp-json\/wp\/v2\/users\/1"}],"replies":[{"embeddable":true,"href":"https:\/\/revistatrend.com\/index.php\/wp-json\/wp\/v2\/comments?post=11010"}],"version-history":[{"count":1,"href":"https:\/\/revistatrend.com\/index.php\/wp-json\/wp\/v2\/posts\/11010\/revisions"}],"predecessor-version":[{"id":11012,"href":"https:\/\/revistatrend.com\/index.php\/wp-json\/wp\/v2\/posts\/11010\/revisions\/11012"}],"wp:featuredmedia":[{"embeddable":true,"href":"https:\/\/revistatrend.com\/index.php\/wp-json\/wp\/v2\/media\/11011"}],"wp:attachment":[{"href":"https:\/\/revistatrend.com\/index.php\/wp-json\/wp\/v2\/media?parent=11010"}],"wp:term":[{"taxonomy":"category","embeddable":true,"href":"https:\/\/revistatrend.com\/index.php\/wp-json\/wp\/v2\/categories?post=11010"},{"taxonomy":"post_tag","embeddable":true,"href":"https:\/\/revistatrend.com\/index.php\/wp-json\/wp\/v2\/tags?post=11010"}],"curies":[{"name":"wp","href":"https:\/\/api.w.org\/{rel}","templated":true}]}}