{"id":11019,"date":"2025-03-26T16:26:09","date_gmt":"2025-03-26T16:26:09","guid":{"rendered":"https:\/\/revistatrend.com\/?p=11019"},"modified":"2025-03-26T16:26:09","modified_gmt":"2025-03-26T16:26:09","slug":"per-cdo-sen-i-kerkoj-falje-shyqyr-e-kena-fale-njeri-tjetrin-gjesti-dhe-egli-i-japin-fund-keqkuptimeve","status":"publish","type":"post","link":"https:\/\/revistatrend.com\/index.php\/2025\/03\/26\/per-cdo-sen-i-kerkoj-falje-shyqyr-e-kena-fale-njeri-tjetrin-gjesti-dhe-egli-i-japin-fund-keqkuptimeve\/","title":{"rendered":"&#8220;P\u00ebr \u00e7do sen i k\u00ebrkoj falje. Shyqyr e k\u00ebna fal\u00eb nj\u00ebri-tjetrin&#8221;\/ Gjesti dhe Egli i japin fund keqkuptimeve!"},"content":{"rendered":"<p>Egli dhe Gjesti kan\u00eb sqaruar raportin mes tyre edhe n\u00eb Prime-n e k\u00ebsaj t\u00eb marte.<\/p>\n<p>Egli komentoi dark\u00ebn me Gjestin, ku theksoi se ndjeu nota pendese n\u00eb faljen q\u00eb k\u00ebrkoi banori. Nd\u00ebrsa k\u00ebng\u00ebtari vuri n\u00eb dukje se nuk ka luajtur me Eglin.<\/p>\n<p>\u201cPavar\u00ebsisht zhg\u00ebnjimit q\u00eb kam p\u00ebsuar brenda, se di pse vazhdoj t\u00eb besoj se brenda Gjestit nuk \u00ebsht\u00eb djal\u00eb kaq i keq. Ndjeva nota pendese. Ndoshta shum\u00eb gj\u00ebra mund t\u00eb b\u00ebhen p\u00ebr pjes\u00eb t\u00eb loj\u00ebs. Zgjedh t\u00eb besoj q\u00eb ka edhe variantin q\u00eb ka nota sinqeriteti n\u00eb pendes\u00ebn e tij.<\/p>\n<p>Mendoj q\u00eb nuk \u00ebsht\u00eb as rasti i par\u00eb dhe as i fundit q\u00eb p\u00ebr egon mashkullore mund t\u00eb kaloj\u00eb koh\u00eb me k\u00ebt\u00eb vajz\u00eb dhe n\u00eb vajz\u00eb mund t\u00eb thot\u00eb \u2019 n\u00eb fund t\u00eb dit\u00ebs u k\u00ebnaq\u00ebm dhe nuk jam i dashuruar me ty\u2019, ndodh r\u00ebndom. Jam vajz\u00eb q\u00eb beson n\u00eb shanse t\u00eb dyta. Gaboi, okej, nuk e kam harruar ndjesin\u00eb q\u00eb kam p\u00ebrjetuar, por nuk dua t\u00eb jetoj me pengje\u201d, tha Egli.<br \/>\nNd\u00ebrsa Gjesti u shpreh \u201cSot para Prime-t, ka ardhur nj\u00eb dron dhe pam\u00eb ca dor\u00ebshkrim. 8 bilion\u00eb klikime dhe deshta me thon\u00eb q\u00eb nuk i kam b\u00ebr\u00eb un\u00eb ve\u00e7 ato sukses, po i kam b\u00ebr\u00eb bashk\u00eb me t\u00eb.<\/p>\n<p>Un\u00eb kam kajt kur e kam pa. Falje kam k\u00ebrkuar p\u00ebr senet e mia. Kam vepruar n\u00eb kok\u00ebn tem. P\u00ebr \u00e7do sen i k\u00ebrkoj falje. Shyqyr e k\u00ebna fal\u00eb nj\u00ebri-tjetrin. Gabime kam pasur, keqkuptime kam pas, por loj\u00eb kurr\u00eb skam pas. S\u2019du me luajt me Eglin\u201d.<\/p>\n","protected":false},"excerpt":{"rendered":"<p>Egli dhe Gjesti kan\u00eb sqaruar raportin mes tyre edhe n\u00eb Prime-n e k\u00ebsaj t\u00eb marte. Egli komentoi dark\u00ebn me Gjestin, ku theksoi se ndjeu nota pendese n\u00eb faljen q\u00eb k\u00ebrkoi banori. Nd\u00ebrsa k\u00ebng\u00ebtari vuri n\u00eb dukje se nuk ka luajtur me Eglin. \u201cPavar\u00ebsisht zhg\u00ebnjimit q\u00eb kam p\u00ebsuar brenda, se di pse vazhdoj t\u00eb besoj se<\/p>\n","protected":false},"author":1,"featured_media":11020,"comment_status":"open","ping_status":"open","sticky":false,"template":"","format":"standard","meta":{"footnotes":""},"categories":[10],"tags":[],"class_list":{"0":"post-11019","1":"post","2":"type-post","3":"status-publish","4":"format-standard","5":"has-post-thumbnail","7":"category-showbiz"},"_links":{"self":[{"href":"https:\/\/revistatrend.com\/index.php\/wp-json\/wp\/v2\/posts\/11019","targetHints":{"allow":["GET"]}}],"collection":[{"href":"https:\/\/revistatrend.com\/index.php\/wp-json\/wp\/v2\/posts"}],"about":[{"href":"https:\/\/revistatrend.com\/index.php\/wp-json\/wp\/v2\/types\/post"}],"author":[{"embeddable":true,"href":"https:\/\/revistatrend.com\/index.php\/wp-json\/wp\/v2\/users\/1"}],"replies":[{"embeddable":true,"href":"https:\/\/revistatrend.com\/index.php\/wp-json\/wp\/v2\/comments?post=11019"}],"version-history":[{"count":1,"href":"https:\/\/revistatrend.com\/index.php\/wp-json\/wp\/v2\/posts\/11019\/revisions"}],"predecessor-version":[{"id":11021,"href":"https:\/\/revistatrend.com\/index.php\/wp-json\/wp\/v2\/posts\/11019\/revisions\/11021"}],"wp:featuredmedia":[{"embeddable":true,"href":"https:\/\/revistatrend.com\/index.php\/wp-json\/wp\/v2\/media\/11020"}],"wp:attachment":[{"href":"https:\/\/revistatrend.com\/index.php\/wp-json\/wp\/v2\/media?parent=11019"}],"wp:term":[{"taxonomy":"category","embeddable":true,"href":"https:\/\/revistatrend.com\/index.php\/wp-json\/wp\/v2\/categories?post=11019"},{"taxonomy":"post_tag","embeddable":true,"href":"https:\/\/revistatrend.com\/index.php\/wp-json\/wp\/v2\/tags?post=11019"}],"curies":[{"name":"wp","href":"https:\/\/api.w.org\/{rel}","templated":true}]}}