{"id":11027,"date":"2025-03-27T20:56:05","date_gmt":"2025-03-27T20:56:05","guid":{"rendered":"https:\/\/revistatrend.com\/?p=11027"},"modified":"2025-03-27T20:56:05","modified_gmt":"2025-03-27T20:56:05","slug":"na-ke-hyre-ne-mes-per-te-na-ndare-gjesti-akuza-ndaj-rozanes","status":"publish","type":"post","link":"https:\/\/revistatrend.com\/index.php\/2025\/03\/27\/na-ke-hyre-ne-mes-per-te-na-ndare-gjesti-akuza-ndaj-rozanes\/","title":{"rendered":"&#8220;Na ke hyr\u00eb n\u00eb mes p\u00ebr t\u00eb na ndar\u00eb&#8230;&#8221;\/Gjesti akuza ndaj Rozan\u00ebs!"},"content":{"rendered":"<p>Gjesti ka debatuar me Rozan\u00ebn dhe i ka shprehur n\u00eb lidhje me Eglin se:<\/p>\n<p>Na ke hyr\u00eb n\u00eb mes p\u00ebr t\u00eb na ndar\u00eb, pse t\u00eb dhemb e v\u00ebrteta? Rozana:Flasim me radh\u00eb. Si e ke g\u00ebnjyer Eglin ti?<br \/>\nGjesti:<\/p>\n<p>Ashtu si\u00e7 e ke g\u00ebnjyer ti. Je shum\u00eb e keqe dhe besprer\u00eb.<\/p>\n","protected":false},"excerpt":{"rendered":"<p>Gjesti ka debatuar me Rozan\u00ebn dhe i ka shprehur n\u00eb lidhje me Eglin se: Na ke hyr\u00eb n\u00eb mes p\u00ebr t\u00eb na ndar\u00eb, pse t\u00eb dhemb e v\u00ebrteta? Rozana:Flasim me radh\u00eb. Si e ke g\u00ebnjyer Eglin ti? Gjesti: Ashtu si\u00e7 e ke g\u00ebnjyer ti. Je shum\u00eb e keqe dhe besprer\u00eb.<\/p>\n","protected":false},"author":1,"featured_media":11028,"comment_status":"open","ping_status":"open","sticky":false,"template":"","format":"standard","meta":{"footnotes":""},"categories":[10],"tags":[],"class_list":{"0":"post-11027","1":"post","2":"type-post","3":"status-publish","4":"format-standard","5":"has-post-thumbnail","7":"category-showbiz"},"_links":{"self":[{"href":"https:\/\/revistatrend.com\/index.php\/wp-json\/wp\/v2\/posts\/11027","targetHints":{"allow":["GET"]}}],"collection":[{"href":"https:\/\/revistatrend.com\/index.php\/wp-json\/wp\/v2\/posts"}],"about":[{"href":"https:\/\/revistatrend.com\/index.php\/wp-json\/wp\/v2\/types\/post"}],"author":[{"embeddable":true,"href":"https:\/\/revistatrend.com\/index.php\/wp-json\/wp\/v2\/users\/1"}],"replies":[{"embeddable":true,"href":"https:\/\/revistatrend.com\/index.php\/wp-json\/wp\/v2\/comments?post=11027"}],"version-history":[{"count":1,"href":"https:\/\/revistatrend.com\/index.php\/wp-json\/wp\/v2\/posts\/11027\/revisions"}],"predecessor-version":[{"id":11029,"href":"https:\/\/revistatrend.com\/index.php\/wp-json\/wp\/v2\/posts\/11027\/revisions\/11029"}],"wp:featuredmedia":[{"embeddable":true,"href":"https:\/\/revistatrend.com\/index.php\/wp-json\/wp\/v2\/media\/11028"}],"wp:attachment":[{"href":"https:\/\/revistatrend.com\/index.php\/wp-json\/wp\/v2\/media?parent=11027"}],"wp:term":[{"taxonomy":"category","embeddable":true,"href":"https:\/\/revistatrend.com\/index.php\/wp-json\/wp\/v2\/categories?post=11027"},{"taxonomy":"post_tag","embeddable":true,"href":"https:\/\/revistatrend.com\/index.php\/wp-json\/wp\/v2\/tags?post=11027"}],"curies":[{"name":"wp","href":"https:\/\/api.w.org\/{rel}","templated":true}]}}