{"id":11033,"date":"2025-03-27T20:58:37","date_gmt":"2025-03-27T20:58:37","guid":{"rendered":"https:\/\/revistatrend.com\/?p=11033"},"modified":"2025-03-27T20:58:37","modified_gmt":"2025-03-27T20:58:37","slug":"danimarka-merr-vendimin-vendos-sherbim-ushtarak-te-detyruar-dhe-per-grate","status":"publish","type":"post","link":"https:\/\/revistatrend.com\/index.php\/2025\/03\/27\/danimarka-merr-vendimin-vendos-sherbim-ushtarak-te-detyruar-dhe-per-grate\/","title":{"rendered":"Danimarka merr vendimin, vendos sh\u00ebrbim ushtarak t\u00eb detyruar dhe p\u00ebr grat\u00eb!"},"content":{"rendered":"<p>Danimarka vendos sh\u00ebrbimin e detyruesh\u00ebm ushtarak p\u00ebr grat\u00eb. Nga viti 2026 e n\u00eb vazhdim grat\u00eb mund t\u00eb thirren p\u00ebr sh\u00ebrbim ushtarak. Kjo mas\u00eb synon t\u00eb rris\u00eb aft\u00ebsin\u00eb mbrojt\u00ebse t\u00eb vendit.<\/p>\n<p>Danimarka do t\u00eb shtoj\u00eb numrin e rekrut\u00ebve p\u00ebr Ushtrin\u00eb Daneze dhe p\u00ebr Agjencin\u00eb Daneze t\u00eb Mbrojtjes Civile. Nga rreth 4,700 vet\u00eb tani, ky num\u00ebr duhet t\u00eb shkoj\u00eb n\u00eb 7,500 vet\u00eb. Prandaj ministri danez i Mbrojtjes, Troels Lund Poulsen, tha se duke nisur nga vitit 2026 grat\u00eb duhet t\u00eb kryejn\u00eb sh\u00ebrbimin e detyruar ushtarak n\u00eb t\u00eb nj\u00ebjtat kushte si burrat.Ai tha se n\u00ebse p\u00ebr sh\u00ebrbimin e detyruar ushtarak nuk paraqiten nj\u00eb num\u00ebr i mjaftuesh\u00ebm vullnetar\u00ebsh, grat\u00eb mund t\u00eb rekrutohen edhe me detyrim.<\/p>\n<p>Sipas k\u00ebtij vendimi femrat q\u00eb mbushin 18 vje\u00e7 pas 1 korrikut t\u00eb k\u00ebtij viti mund t\u00eb rekrutohen p\u00ebr sh\u00ebrbim ushtarak gjat\u00eb vitit 2026. \u201cBarazia \u00ebsht\u00eb e mir\u00eb dhe rrit mund\u00ebsin\u00eb e nd\u00ebrtimit t\u00eb fuqis\u00eb luftarake n\u00eb mbrojtjen daneze,\u201d i tha ministri p\u00ebr t\u00eb p\u00ebrditshmen daneze Jyllands-Posten.N\u00eb Danimark\u00eb sh\u00ebrbimi i detyruesh\u00ebm ushtarak zbatohet deri tani vet\u00ebm p\u00ebr burrat e mosh\u00ebs 18 vje\u00e7 e lart. P\u00ebr grat\u00eb deri sot sh\u00ebrbimi ushtarak nuk \u00ebsht\u00eb i detyruesh\u00ebm, por ato mund t\u00eb regjistroheshin vullnetarisht p\u00ebr t\u00eb marr\u00eb pjes\u00eb n\u00eb k\u00ebt\u00eb sh\u00ebrbim. Grat\u00eb p\u00ebrb\u00ebjn\u00eb 25 p\u00ebr qind t\u00eb rekrut\u00ebve t\u00eb ushtris\u00eb daneze.<\/p>\n","protected":false},"excerpt":{"rendered":"<p>Danimarka vendos sh\u00ebrbimin e detyruesh\u00ebm ushtarak p\u00ebr grat\u00eb. Nga viti 2026 e n\u00eb vazhdim grat\u00eb mund t\u00eb thirren p\u00ebr sh\u00ebrbim ushtarak. Kjo mas\u00eb synon t\u00eb rris\u00eb aft\u00ebsin\u00eb mbrojt\u00ebse t\u00eb vendit. Danimarka do t\u00eb shtoj\u00eb numrin e rekrut\u00ebve p\u00ebr Ushtrin\u00eb Daneze dhe p\u00ebr Agjencin\u00eb Daneze t\u00eb Mbrojtjes Civile. Nga rreth 4,700 vet\u00eb tani, ky num\u00ebr duhet<\/p>\n","protected":false},"author":1,"featured_media":11034,"comment_status":"open","ping_status":"open","sticky":false,"template":"","format":"standard","meta":{"footnotes":""},"categories":[2],"tags":[],"class_list":{"0":"post-11033","1":"post","2":"type-post","3":"status-publish","4":"format-standard","5":"has-post-thumbnail","7":"category-lifestyle"},"_links":{"self":[{"href":"https:\/\/revistatrend.com\/index.php\/wp-json\/wp\/v2\/posts\/11033","targetHints":{"allow":["GET"]}}],"collection":[{"href":"https:\/\/revistatrend.com\/index.php\/wp-json\/wp\/v2\/posts"}],"about":[{"href":"https:\/\/revistatrend.com\/index.php\/wp-json\/wp\/v2\/types\/post"}],"author":[{"embeddable":true,"href":"https:\/\/revistatrend.com\/index.php\/wp-json\/wp\/v2\/users\/1"}],"replies":[{"embeddable":true,"href":"https:\/\/revistatrend.com\/index.php\/wp-json\/wp\/v2\/comments?post=11033"}],"version-history":[{"count":1,"href":"https:\/\/revistatrend.com\/index.php\/wp-json\/wp\/v2\/posts\/11033\/revisions"}],"predecessor-version":[{"id":11035,"href":"https:\/\/revistatrend.com\/index.php\/wp-json\/wp\/v2\/posts\/11033\/revisions\/11035"}],"wp:featuredmedia":[{"embeddable":true,"href":"https:\/\/revistatrend.com\/index.php\/wp-json\/wp\/v2\/media\/11034"}],"wp:attachment":[{"href":"https:\/\/revistatrend.com\/index.php\/wp-json\/wp\/v2\/media?parent=11033"}],"wp:term":[{"taxonomy":"category","embeddable":true,"href":"https:\/\/revistatrend.com\/index.php\/wp-json\/wp\/v2\/categories?post=11033"},{"taxonomy":"post_tag","embeddable":true,"href":"https:\/\/revistatrend.com\/index.php\/wp-json\/wp\/v2\/tags?post=11033"}],"curies":[{"name":"wp","href":"https:\/\/api.w.org\/{rel}","templated":true}]}}