{"id":11036,"date":"2025-03-27T20:59:40","date_gmt":"2025-03-27T20:59:40","guid":{"rendered":"https:\/\/revistatrend.com\/?p=11036"},"modified":"2025-03-27T20:59:40","modified_gmt":"2025-03-27T20:59:40","slug":"do-te-behesh-gruaja-ime-gjesti-i-propozon-per-martese-eglit-si-e-priti-banorja","status":"publish","type":"post","link":"https:\/\/revistatrend.com\/index.php\/2025\/03\/27\/do-te-behesh-gruaja-ime-gjesti-i-propozon-per-martese-eglit-si-e-priti-banorja\/","title":{"rendered":"&#8220;Do t\u00eb b\u00ebhesh gruaja ime&#8230;&#8221;\/ Gjesti i propozon p\u00ebr martes\u00eb Eglit, si e priti banorja!"},"content":{"rendered":"<p>Teksa ishte duke q\u00ebndruar me Eglin dhe Danj\u00ebn, Gjesti \u00ebsht\u00eb ulur n\u00eb gjunj\u00eb dhe i ka propozuar me shaka Eglit p\u00ebr martes\u00eb.<\/p>\n<p>A pranon Egli Tako t\u00eb b\u00ebhesh gruaja ime, si me para si pa para? Pa para jam shum\u00eb i keq, po t\u00eb them t\u00eb drejt\u00ebn. Je dakord t\u00eb duhemi edhe pa para?<br \/>\nEgli: Pse b\u00ebhesh pala\u00e7o.<br \/>\nGjesti:<\/p>\n<p>Dua moj t\u00eb t\u00eb propozoj p\u00ebr martes\u00eb shoq\u00ebrore.<\/p>\n","protected":false},"excerpt":{"rendered":"<p>Teksa ishte duke q\u00ebndruar me Eglin dhe Danj\u00ebn, Gjesti \u00ebsht\u00eb ulur n\u00eb gjunj\u00eb dhe i ka propozuar me shaka Eglit p\u00ebr martes\u00eb. A pranon Egli Tako t\u00eb b\u00ebhesh gruaja ime, si me para si pa para? Pa para jam shum\u00eb i keq, po t\u00eb them t\u00eb drejt\u00ebn. Je dakord t\u00eb duhemi edhe pa para? Egli:<\/p>\n","protected":false},"author":1,"featured_media":11037,"comment_status":"open","ping_status":"open","sticky":false,"template":"","format":"standard","meta":{"footnotes":""},"categories":[10],"tags":[],"class_list":{"0":"post-11036","1":"post","2":"type-post","3":"status-publish","4":"format-standard","5":"has-post-thumbnail","7":"category-showbiz"},"_links":{"self":[{"href":"https:\/\/revistatrend.com\/index.php\/wp-json\/wp\/v2\/posts\/11036","targetHints":{"allow":["GET"]}}],"collection":[{"href":"https:\/\/revistatrend.com\/index.php\/wp-json\/wp\/v2\/posts"}],"about":[{"href":"https:\/\/revistatrend.com\/index.php\/wp-json\/wp\/v2\/types\/post"}],"author":[{"embeddable":true,"href":"https:\/\/revistatrend.com\/index.php\/wp-json\/wp\/v2\/users\/1"}],"replies":[{"embeddable":true,"href":"https:\/\/revistatrend.com\/index.php\/wp-json\/wp\/v2\/comments?post=11036"}],"version-history":[{"count":1,"href":"https:\/\/revistatrend.com\/index.php\/wp-json\/wp\/v2\/posts\/11036\/revisions"}],"predecessor-version":[{"id":11038,"href":"https:\/\/revistatrend.com\/index.php\/wp-json\/wp\/v2\/posts\/11036\/revisions\/11038"}],"wp:featuredmedia":[{"embeddable":true,"href":"https:\/\/revistatrend.com\/index.php\/wp-json\/wp\/v2\/media\/11037"}],"wp:attachment":[{"href":"https:\/\/revistatrend.com\/index.php\/wp-json\/wp\/v2\/media?parent=11036"}],"wp:term":[{"taxonomy":"category","embeddable":true,"href":"https:\/\/revistatrend.com\/index.php\/wp-json\/wp\/v2\/categories?post=11036"},{"taxonomy":"post_tag","embeddable":true,"href":"https:\/\/revistatrend.com\/index.php\/wp-json\/wp\/v2\/tags?post=11036"}],"curies":[{"name":"wp","href":"https:\/\/api.w.org\/{rel}","templated":true}]}}