{"id":11042,"date":"2025-03-29T13:39:01","date_gmt":"2025-03-29T13:39:01","guid":{"rendered":"https:\/\/revistatrend.com\/?p=11042"},"modified":"2025-03-29T13:39:01","modified_gmt":"2025-03-29T13:39:01","slug":"hemorragjia-desh-me-mori-jeten-gjate-lindjes-motra-e-danjes-ertila-koka-trondit-me-rrefimin","status":"publish","type":"post","link":"https:\/\/revistatrend.com\/index.php\/2025\/03\/29\/hemorragjia-desh-me-mori-jeten-gjate-lindjes-motra-e-danjes-ertila-koka-trondit-me-rrefimin\/","title":{"rendered":"&#8220;Hemorragjia desh m\u00eb mori jet\u00ebn gjat\u00eb lindjes&#8221;\/ Motra e Danj\u00ebs, Ertila Koka trondit me rr\u00ebfimin!"},"content":{"rendered":"<p>N\u00eb nj\u00eb intervist\u00eb ekskluzive pas ardhjes n\u00eb jet\u00eb t\u00eb f\u00ebmij\u00ebs s\u00eb saj t\u00eb par\u00eb, Ertila Koka, motra e Daniela Kok\u00ebs, konkurrentes n\u00eb BBV, ka treguar pasditen e sotme shum\u00eb\u00e7ka nga jeta e saj private e jo vet\u00ebm.<\/p>\n<p>\u201cN\u00eb sall\u00eb pati komplikacione, q\u00eb desh humba jet\u00ebn. Pata hemorragji shum\u00eb t\u00eb madhe. Po luftoja me veten, q\u00ebndrova n\u00eb heshtje dhe lutesha. Ishte nj\u00eb moment shum\u00eb i v\u00ebshtir\u00eb\u201d, tregoi Ertila teksa ndau se gjat\u00eb ardhjes n\u00eb jet\u00eb t\u00eb f\u00ebmij\u00ebs s\u00eb saj t\u00eb par\u00eb disa muaj m\u00eb par\u00eb rrezikoi jet\u00ebn p\u00ebr shkak t\u00eb komplikacioneve sh\u00ebndet\u00ebsore.<\/p>\n<p>M\u00eb tej Ertila tregoi disa detaje edhe rreth karakterit t\u00eb Danj\u00ebs, duke shtuar se ajo \u00ebsht\u00eb nj\u00eb vajz\u00eb artiste, regjisore, e dashur e se zot\u00ebron shum\u00eb talente bashk\u00eb.<\/p>\n<p>E pyetur nga Bieta n\u00ebse Ertila do t\u00eb hynte n\u00eb BBV, ajo u p\u00ebrgjigj: \u201cKurr\u00eb mos thuaj kurr\u00eb\u201d.<\/p>\n<p>M\u00eb tej Ertila shtoi se Redi, i dashuri i Danj\u00ebs ka nj\u00eb raport shum\u00eb t\u00eb mir\u00eb me familjen e saj dhe se k\u00ebshillohet vazhdimisht me motr\u00ebn e tyre t\u00eb madhe. Ajo tha se familja e Danj\u00ebs e do shum\u00eb Redin sepse \u00ebsht\u00eb nj\u00eb djal\u00eb i mir\u00eb dhe se k\u00ebt\u00eb njohje t\u00eb re t\u00eb tyren e kan\u00eb pritur shum\u00eb mir\u00eb.<\/p>\n","protected":false},"excerpt":{"rendered":"<p>N\u00eb nj\u00eb intervist\u00eb ekskluzive pas ardhjes n\u00eb jet\u00eb t\u00eb f\u00ebmij\u00ebs s\u00eb saj t\u00eb par\u00eb, Ertila Koka, motra e Daniela Kok\u00ebs, konkurrentes n\u00eb BBV, ka treguar pasditen e sotme shum\u00eb\u00e7ka nga jeta e saj private e jo vet\u00ebm. \u201cN\u00eb sall\u00eb pati komplikacione, q\u00eb desh humba jet\u00ebn. Pata hemorragji shum\u00eb t\u00eb madhe. Po luftoja me veten, q\u00ebndrova<\/p>\n","protected":false},"author":1,"featured_media":11043,"comment_status":"open","ping_status":"open","sticky":false,"template":"","format":"standard","meta":{"footnotes":""},"categories":[10],"tags":[],"class_list":{"0":"post-11042","1":"post","2":"type-post","3":"status-publish","4":"format-standard","5":"has-post-thumbnail","7":"category-showbiz"},"_links":{"self":[{"href":"https:\/\/revistatrend.com\/index.php\/wp-json\/wp\/v2\/posts\/11042","targetHints":{"allow":["GET"]}}],"collection":[{"href":"https:\/\/revistatrend.com\/index.php\/wp-json\/wp\/v2\/posts"}],"about":[{"href":"https:\/\/revistatrend.com\/index.php\/wp-json\/wp\/v2\/types\/post"}],"author":[{"embeddable":true,"href":"https:\/\/revistatrend.com\/index.php\/wp-json\/wp\/v2\/users\/1"}],"replies":[{"embeddable":true,"href":"https:\/\/revistatrend.com\/index.php\/wp-json\/wp\/v2\/comments?post=11042"}],"version-history":[{"count":1,"href":"https:\/\/revistatrend.com\/index.php\/wp-json\/wp\/v2\/posts\/11042\/revisions"}],"predecessor-version":[{"id":11044,"href":"https:\/\/revistatrend.com\/index.php\/wp-json\/wp\/v2\/posts\/11042\/revisions\/11044"}],"wp:featuredmedia":[{"embeddable":true,"href":"https:\/\/revistatrend.com\/index.php\/wp-json\/wp\/v2\/media\/11043"}],"wp:attachment":[{"href":"https:\/\/revistatrend.com\/index.php\/wp-json\/wp\/v2\/media?parent=11042"}],"wp:term":[{"taxonomy":"category","embeddable":true,"href":"https:\/\/revistatrend.com\/index.php\/wp-json\/wp\/v2\/categories?post=11042"},{"taxonomy":"post_tag","embeddable":true,"href":"https:\/\/revistatrend.com\/index.php\/wp-json\/wp\/v2\/tags?post=11042"}],"curies":[{"name":"wp","href":"https:\/\/api.w.org\/{rel}","templated":true}]}}