{"id":11054,"date":"2025-03-29T13:43:27","date_gmt":"2025-03-29T13:43:27","guid":{"rendered":"https:\/\/revistatrend.com\/?p=11054"},"modified":"2025-03-29T13:43:27","modified_gmt":"2025-03-29T13:43:27","slug":"mbreti-charles-shtrohet-ne-spital-ja-problemi-shendetesor-qe-ka","status":"publish","type":"post","link":"https:\/\/revistatrend.com\/index.php\/2025\/03\/29\/mbreti-charles-shtrohet-ne-spital-ja-problemi-shendetesor-qe-ka\/","title":{"rendered":"Mbreti Charles shtrohet n\u00eb spital! Ja problemi sh\u00ebndet\u00ebsor q\u00eb ka!"},"content":{"rendered":"<p>Mbreti Charles \u00ebsht\u00eb detyruar t\u00eb anuloj\u00eb nj\u00eb s\u00ebr\u00eb angazhimesh pasi u shtrua sot n\u00eb spital p\u00ebr trajtimin e tij t\u00eb vazhduesh\u00ebm ndaj kancerit.<\/p>\n<p>Monarku, 72-vje\u00e7ar, u kthye sonte n\u00eb Clarence House dhe burime e p\u00ebrshkruajn\u00eb k\u00ebt\u00eb situat\u00eb tani si nj\u00eb gung\u00eb e vog\u00ebl n\u00eb nj\u00eb rrug\u00eb q\u00eb po shkon n\u00eb drejtimin e duhur.<\/p>\n<p>Megjithat\u00eb, p\u00ebr t\u00eb mbrojtur dhe p\u00ebr t&#8217;i dh\u00ebn\u00eb p\u00ebrpar\u00ebsi rikuperimit t\u00eb tij t\u00eb vazhduesh\u00ebm ai ka anuluar nj\u00eb varg angazhimesh n\u00eb Birmingham q\u00eb ishte th\u00ebn\u00eb se do t\u00eb mbaheshin nes\u00ebr.<\/p>\n<p>Burimet k\u00ebmb\u00ebngul\u00ebn se nuk kishte asgj\u00eb dramatike dhe e p\u00ebrshkruan vizit\u00ebn e shkurt\u00ebr n\u00eb spital k\u00ebt\u00eb mbr\u00ebmje si pjes\u00eb e programit t\u00eb trajtimit.<\/p>\n<p>M\u00eb shum\u00eb se nj\u00eb vit pasi kishte njoftuar se ai ishte diagnostikuar me nj\u00eb form\u00eb t\u00eb panjohur t\u00eb kancerit, mbreti \u00ebsht\u00eb ende duke u trajtuar nd\u00ebrsa po nd\u00ebrmerr nj\u00eb program t\u00eb ngjeshur angazhimesh publike.<\/p>\n<p>Charles ka vazhduar me detyrat e tij pavar\u00ebsisht se po p\u00ebrballet me nj\u00eb sfid\u00eb personale q\u00eb nga viti 2024, kur ai dhe Princesha e Uellsit u diagnostikuan me kancer.<\/p>\n","protected":false},"excerpt":{"rendered":"<p>Mbreti Charles \u00ebsht\u00eb detyruar t\u00eb anuloj\u00eb nj\u00eb s\u00ebr\u00eb angazhimesh pasi u shtrua sot n\u00eb spital p\u00ebr trajtimin e tij t\u00eb vazhduesh\u00ebm ndaj kancerit. Monarku, 72-vje\u00e7ar, u kthye sonte n\u00eb Clarence House dhe burime e p\u00ebrshkruajn\u00eb k\u00ebt\u00eb situat\u00eb tani si nj\u00eb gung\u00eb e vog\u00ebl n\u00eb nj\u00eb rrug\u00eb q\u00eb po shkon n\u00eb drejtimin e duhur. Megjithat\u00eb, p\u00ebr<\/p>\n","protected":false},"author":1,"featured_media":11055,"comment_status":"open","ping_status":"open","sticky":false,"template":"","format":"standard","meta":{"footnotes":""},"categories":[2],"tags":[],"class_list":{"0":"post-11054","1":"post","2":"type-post","3":"status-publish","4":"format-standard","5":"has-post-thumbnail","7":"category-lifestyle"},"_links":{"self":[{"href":"https:\/\/revistatrend.com\/index.php\/wp-json\/wp\/v2\/posts\/11054","targetHints":{"allow":["GET"]}}],"collection":[{"href":"https:\/\/revistatrend.com\/index.php\/wp-json\/wp\/v2\/posts"}],"about":[{"href":"https:\/\/revistatrend.com\/index.php\/wp-json\/wp\/v2\/types\/post"}],"author":[{"embeddable":true,"href":"https:\/\/revistatrend.com\/index.php\/wp-json\/wp\/v2\/users\/1"}],"replies":[{"embeddable":true,"href":"https:\/\/revistatrend.com\/index.php\/wp-json\/wp\/v2\/comments?post=11054"}],"version-history":[{"count":1,"href":"https:\/\/revistatrend.com\/index.php\/wp-json\/wp\/v2\/posts\/11054\/revisions"}],"predecessor-version":[{"id":11056,"href":"https:\/\/revistatrend.com\/index.php\/wp-json\/wp\/v2\/posts\/11054\/revisions\/11056"}],"wp:featuredmedia":[{"embeddable":true,"href":"https:\/\/revistatrend.com\/index.php\/wp-json\/wp\/v2\/media\/11055"}],"wp:attachment":[{"href":"https:\/\/revistatrend.com\/index.php\/wp-json\/wp\/v2\/media?parent=11054"}],"wp:term":[{"taxonomy":"category","embeddable":true,"href":"https:\/\/revistatrend.com\/index.php\/wp-json\/wp\/v2\/categories?post=11054"},{"taxonomy":"post_tag","embeddable":true,"href":"https:\/\/revistatrend.com\/index.php\/wp-json\/wp\/v2\/tags?post=11054"}],"curies":[{"name":"wp","href":"https:\/\/api.w.org\/{rel}","templated":true}]}}