{"id":11061,"date":"2025-03-29T18:04:22","date_gmt":"2025-03-29T18:04:22","guid":{"rendered":"https:\/\/revistatrend.com\/?p=11061"},"modified":"2025-03-29T18:04:22","modified_gmt":"2025-03-29T18:04:22","slug":"ka-dite-qe-nuk-ben-dot-gjerat-qe-do-doje-rrefehet-gruaja-e-kelly-t-kalvari-im-i-vuajtjeve-ne-lufte-me-kancerin-e-gjirit","status":"publish","type":"post","link":"https:\/\/revistatrend.com\/index.php\/2025\/03\/29\/ka-dite-qe-nuk-ben-dot-gjerat-qe-do-doje-rrefehet-gruaja-e-kelly-t-kalvari-im-i-vuajtjeve-ne-lufte-me-kancerin-e-gjirit\/","title":{"rendered":"&#8220;Ka dit\u00eb q\u00eb nuk b\u00ebn dot gj\u00ebrat q\u00eb do doje&#8221;\/ Rr\u00ebfehet gruaja e Kelly-t: Kalvari im i vuajtjeve n\u00eb luft\u00eb me kancerin e gjirit!"},"content":{"rendered":"<p>N\u00eb nj\u00eb rr\u00ebfim, t\u00eb ndjer\u00eb dhe drith\u00ebrues p\u00ebr Ftes\u00eb n\u00eb 5 bashk\u00ebshortja e Kelly-t ka treguar pasditen e sotme p\u00ebr her\u00eb t\u00eb par\u00eb publikisht t\u00eb gjith\u00eb kalvarin e vuajtjeve n\u00eb luft\u00eb me kancerin e gjirit.<\/p>\n<p>Enisa Allmu\u00e7a rr\u00ebfeu se si nj\u00eb kontroll rutin\u00eb zbuloi se ishte e prekur nga nje tumor agresiv.<br \/>\nAjo e p\u00ebrshkroi k\u00ebt\u00eb moment si tejet t\u00eb v\u00ebshtir\u00eb dhe se n\u00eb momentin q\u00eb mori lajmin telefonoi menj\u00ebher\u00eb Kelly-n sepse nuk mund t\u2019i jepte makin\u00ebs.<\/p>\n<p>\u201cM\u2019u th\u00ebrrmua \u00e7do gj\u00eb. Lufta me kancerin \u00ebsht\u00eb shum\u00eb e v\u00ebshtir\u00eb. Ka dit\u00eb q\u00eb nuk b\u00ebn dot gj\u00ebrat q\u00eb do doje, sepse trupi nuk t\u00eb bindet. Ka dhe dit\u00eb q\u00eb mendon q\u00eb po e humbet betej\u00ebn, por Kelly ka qen\u00eb forca ime m\u00eb e madhe dhe djali\u201d, u shpreh ajo.<\/p>\n<p>M\u00eb tej Enisa tregoi se tashm\u00eb ka hequr t\u00eb gjith\u00eb gjirin dhe se momenti i par\u00eb kur u zgjua pas nd\u00ebrhyrjes ka qen\u00eb nj\u00eb shok emocional shum\u00eb i fort\u00eb p\u00ebr t\u00eb.<\/p>\n<p>Me forc\u00eb, kurajo dhe buz\u00ebqeshje n\u00eb fytyr\u00eb, Enisa rr\u00ebfeu se nga nj\u00ebri krah\u00eb e ka thuajse t\u00eb pamundur t\u00eb hap\u00eb qoft\u00eb dhe nj\u00eb shishe uji, e megjithat\u00eb nuk nguroi t\u00eb jap\u00eb nj\u00eb mesazh p\u00ebr t\u00eb gjitha vajzat se jeta duhet jetuar dhe se p\u00ebr t\u00eb duhet t\u00eb luftosh me buz\u00ebqeshje n\u00eb \u00e7do moment t\u00eb mir\u00eb apo m\u00eb pak t\u00eb mir\u00eb.<\/p>\n","protected":false},"excerpt":{"rendered":"<p>N\u00eb nj\u00eb rr\u00ebfim, t\u00eb ndjer\u00eb dhe drith\u00ebrues p\u00ebr Ftes\u00eb n\u00eb 5 bashk\u00ebshortja e Kelly-t ka treguar pasditen e sotme p\u00ebr her\u00eb t\u00eb par\u00eb publikisht t\u00eb gjith\u00eb kalvarin e vuajtjeve n\u00eb luft\u00eb me kancerin e gjirit. Enisa Allmu\u00e7a rr\u00ebfeu se si nj\u00eb kontroll rutin\u00eb zbuloi se ishte e prekur nga nje tumor agresiv. Ajo e p\u00ebrshkroi<\/p>\n","protected":false},"author":1,"featured_media":11062,"comment_status":"open","ping_status":"open","sticky":false,"template":"","format":"standard","meta":{"footnotes":""},"categories":[10],"tags":[],"class_list":{"0":"post-11061","1":"post","2":"type-post","3":"status-publish","4":"format-standard","5":"has-post-thumbnail","7":"category-showbiz"},"_links":{"self":[{"href":"https:\/\/revistatrend.com\/index.php\/wp-json\/wp\/v2\/posts\/11061","targetHints":{"allow":["GET"]}}],"collection":[{"href":"https:\/\/revistatrend.com\/index.php\/wp-json\/wp\/v2\/posts"}],"about":[{"href":"https:\/\/revistatrend.com\/index.php\/wp-json\/wp\/v2\/types\/post"}],"author":[{"embeddable":true,"href":"https:\/\/revistatrend.com\/index.php\/wp-json\/wp\/v2\/users\/1"}],"replies":[{"embeddable":true,"href":"https:\/\/revistatrend.com\/index.php\/wp-json\/wp\/v2\/comments?post=11061"}],"version-history":[{"count":1,"href":"https:\/\/revistatrend.com\/index.php\/wp-json\/wp\/v2\/posts\/11061\/revisions"}],"predecessor-version":[{"id":11063,"href":"https:\/\/revistatrend.com\/index.php\/wp-json\/wp\/v2\/posts\/11061\/revisions\/11063"}],"wp:featuredmedia":[{"embeddable":true,"href":"https:\/\/revistatrend.com\/index.php\/wp-json\/wp\/v2\/media\/11062"}],"wp:attachment":[{"href":"https:\/\/revistatrend.com\/index.php\/wp-json\/wp\/v2\/media?parent=11061"}],"wp:term":[{"taxonomy":"category","embeddable":true,"href":"https:\/\/revistatrend.com\/index.php\/wp-json\/wp\/v2\/categories?post=11061"},{"taxonomy":"post_tag","embeddable":true,"href":"https:\/\/revistatrend.com\/index.php\/wp-json\/wp\/v2\/tags?post=11061"}],"curies":[{"name":"wp","href":"https:\/\/api.w.org\/{rel}","templated":true}]}}