{"id":11067,"date":"2025-03-30T13:59:49","date_gmt":"2025-03-30T13:59:49","guid":{"rendered":"https:\/\/revistatrend.com\/?p=11067"},"modified":"2025-03-30T13:59:49","modified_gmt":"2025-03-30T13:59:49","slug":"ja-pse-lekura-ju-nxihet-shume-shpejt-edhe-nga-goditjet-me-te-lehta","status":"publish","type":"post","link":"https:\/\/revistatrend.com\/index.php\/2025\/03\/30\/ja-pse-lekura-ju-nxihet-shume-shpejt-edhe-nga-goditjet-me-te-lehta\/","title":{"rendered":"Ja pse l\u00ebkura ju nxihet shum\u00eb shpejt edhe nga goditjet m\u00eb t\u00eb lehta!"},"content":{"rendered":"<p>T\u00eb gjith\u00ebve na ka ndodhur t\u00eb p\u00ebrplasemi me cepin e komodin\u00ebs e t\u00eb p\u00ebrfundojm\u00eb me shenja n\u00eb k\u00ebmb\u00eb, por disa njer\u00ebz p\u00ebrfundojn\u00eb me t\u00eb nxira e hematoma edhe nga prekja m\u00eb e leht\u00eb.<\/p>\n<p>K\u00ebto shenja paralajm\u00ebrojn\u00eb di\u00e7ka, por njer\u00ebzit mendojn\u00eb se k\u00ebto t\u00eb fundit jan\u00eb si pasoj\u00eb e l\u00ebkur\u00ebs delikate.<\/p>\n<p>Me kalimin e mosh\u00ebs dhe kolagjenin q\u00eb sa vjen e reduktohet, l\u00ebkura riparohet shum\u00eb m\u00eb ngadal\u00eb. L\u00ebkura b\u00ebheht m\u00eb e holl\u00eb dhe venat e gjakur mund t\u00eb shp\u00ebrthejn\u00eb m\u00eb leht\u00eb duke ju l\u00ebn\u00eb me hematoma dhe nga prekja m\u00eb e leht\u00eb.T\u00eb gjith\u00eb e dim\u00eb q\u00eb dielli \u00ebsht\u00eb armiku num\u00ebr 1 i l\u00ebkur\u00ebs, duke na shkaktuar njolla kafe, rrudha dhe shenja, por ajo q\u00eb nuk dini \u00ebsht\u00eb rrezet UVA dhe UVB ndikojn\u00eb gjithashtu n\u00eb struktur\u00ebn e venave t\u00eb gjakut. N\u00ebse k\u00ebto t\u00eb fundit mund t\u00eb zgjerohen apo \u00e7ahen me leht\u00eb, e sigurt q\u00eb dhe nj\u00eb pickim do t\u2019ju linte shenj\u00eb.<\/p>\n<p>Medikamentet qe hollojn\u00eb gjakun kan\u00eb tendenc\u00ebn t\u00eb hollojn\u00eb kapilar\u00ebt. N\u00ebse merrni ila\u00e7e t\u00eb tilla duhet t\u00eb keni kujdes pasi goditja m\u00eb e vog\u00ebl do t\u00eb krijoj\u00eb nj\u00eb hematom\u00eb t\u00eb zgjeruar.<\/p>\n<p>Mungesa e vitamin\u00ebs C<\/p>\n<p>Kjo vitamin\u00eb \u00ebsht\u00eb m\u00eb e r\u00ebnd\u00ebsishmja p\u00ebr sh\u00ebndetin e l\u00ebkur\u00ebs. \u00cbsht\u00eb nj\u00eb antioksidant i fuqish\u00ebm dhe ndihmon n\u00eb prodhimin e kolagjenit. Mungesa e saj shoq\u00ebrohet me jo pak probleme, dhe ato t\u00eb l\u00ebkur\u00ebs jan\u00eb m\u00eb t\u00eb zakonshmet<\/p>\n","protected":false},"excerpt":{"rendered":"<p>T\u00eb gjith\u00ebve na ka ndodhur t\u00eb p\u00ebrplasemi me cepin e komodin\u00ebs e t\u00eb p\u00ebrfundojm\u00eb me shenja n\u00eb k\u00ebmb\u00eb, por disa njer\u00ebz p\u00ebrfundojn\u00eb me t\u00eb nxira e hematoma edhe nga prekja m\u00eb e leht\u00eb. K\u00ebto shenja paralajm\u00ebrojn\u00eb di\u00e7ka, por njer\u00ebzit mendojn\u00eb se k\u00ebto t\u00eb fundit jan\u00eb si pasoj\u00eb e l\u00ebkur\u00ebs delikate. Me kalimin e mosh\u00ebs dhe<\/p>\n","protected":false},"author":1,"featured_media":11068,"comment_status":"open","ping_status":"open","sticky":false,"template":"","format":"standard","meta":{"footnotes":""},"categories":[2],"tags":[],"class_list":{"0":"post-11067","1":"post","2":"type-post","3":"status-publish","4":"format-standard","5":"has-post-thumbnail","7":"category-lifestyle"},"_links":{"self":[{"href":"https:\/\/revistatrend.com\/index.php\/wp-json\/wp\/v2\/posts\/11067","targetHints":{"allow":["GET"]}}],"collection":[{"href":"https:\/\/revistatrend.com\/index.php\/wp-json\/wp\/v2\/posts"}],"about":[{"href":"https:\/\/revistatrend.com\/index.php\/wp-json\/wp\/v2\/types\/post"}],"author":[{"embeddable":true,"href":"https:\/\/revistatrend.com\/index.php\/wp-json\/wp\/v2\/users\/1"}],"replies":[{"embeddable":true,"href":"https:\/\/revistatrend.com\/index.php\/wp-json\/wp\/v2\/comments?post=11067"}],"version-history":[{"count":1,"href":"https:\/\/revistatrend.com\/index.php\/wp-json\/wp\/v2\/posts\/11067\/revisions"}],"predecessor-version":[{"id":11069,"href":"https:\/\/revistatrend.com\/index.php\/wp-json\/wp\/v2\/posts\/11067\/revisions\/11069"}],"wp:featuredmedia":[{"embeddable":true,"href":"https:\/\/revistatrend.com\/index.php\/wp-json\/wp\/v2\/media\/11068"}],"wp:attachment":[{"href":"https:\/\/revistatrend.com\/index.php\/wp-json\/wp\/v2\/media?parent=11067"}],"wp:term":[{"taxonomy":"category","embeddable":true,"href":"https:\/\/revistatrend.com\/index.php\/wp-json\/wp\/v2\/categories?post=11067"},{"taxonomy":"post_tag","embeddable":true,"href":"https:\/\/revistatrend.com\/index.php\/wp-json\/wp\/v2\/tags?post=11067"}],"curies":[{"name":"wp","href":"https:\/\/api.w.org\/{rel}","templated":true}]}}