{"id":11148,"date":"2025-04-05T12:43:25","date_gmt":"2025-04-05T12:43:25","guid":{"rendered":"https:\/\/revistatrend.com\/?p=11148"},"modified":"2025-04-05T12:43:25","modified_gmt":"2025-04-05T12:43:25","slug":"vrasja-e-shqiptares-italia-kerkon-denimin-me-vdekje-per-autorin","status":"publish","type":"post","link":"https:\/\/revistatrend.com\/index.php\/2025\/04\/05\/vrasja-e-shqiptares-italia-kerkon-denimin-me-vdekje-per-autorin\/","title":{"rendered":"Vrasja e shqiptares, Italia k\u00ebrkon d\u00ebnimin me vdekje p\u00ebr autorin!"},"content":{"rendered":"<p>D\u00ebnim me vdekje p\u00ebr krimet e feminicidit dhe pedofilis\u00eb ka k\u00ebrkuar Stefano Bandecchi, kryebashkiak i Ternit dhe sekretar i Alternative Popular, pas vrasjes s\u00eb studentes shqiptare Ilaria Sula. P\u00ebrmes nj\u00eb video t\u00eb postuar n\u00eb faqen e tij n\u00eb Instagram, ai i b\u00ebn thirrje politik\u00ebs dhe institucioneve p\u00ebrgjegj\u00ebse q\u00eb t\u00eb rikthej\u00eb d\u00ebnimin me vdekje n\u00eb Itali p\u00ebr k\u00ebto dy krime.\u201cKemi arritur n\u00eb momentin q\u00eb \u00e7do dit\u00eb vritet nj\u00eb grua. Ai ka vrar\u00eb nj\u00eb grua me thik\u00eb e mbylli n\u00eb valixhe, pastaj \u00ebsht\u00eb penduar dhe ka rr\u00ebfyer. \u00cbsht\u00eb e papranueshme. I k\u00ebrkoj politik\u00ebs, shtetit italian q\u00eb t\u00eb rikthej\u00eb d\u00ebnimin me vdekje n\u00eb Itali p\u00ebr dy krime; feminicidin dhe pedofolin\u00eb. M\u00eb vjen keq por d\u00ebnimi me vdekje \u00ebsht\u00eb e vetmja zgjidhje\u201d, thot\u00eb nd\u00ebr t\u00eb tjera n\u00eb video kryebashkiaku i Ternit.Nd\u00ebrhyrja e Bandecchit vjen pas vrasjes s\u00eb Ilaria Sul\u00ebs, studentes 22-vje\u00e7are nga Terni dhe me origjin\u00eb shqiptare, e cila u godit me thik\u00eb p\u00ebr vdekje dhe m\u00eb pas u mbyll n\u00eb nj\u00eb valixhe nga ish-i dashuri i saj, 23-vje\u00e7ari Mark Samson.<\/p>\n","protected":false},"excerpt":{"rendered":"<p>D\u00ebnim me vdekje p\u00ebr krimet e feminicidit dhe pedofilis\u00eb ka k\u00ebrkuar Stefano Bandecchi, kryebashkiak i Ternit dhe sekretar i Alternative Popular, pas vrasjes s\u00eb studentes shqiptare Ilaria Sula. P\u00ebrmes nj\u00eb video t\u00eb postuar n\u00eb faqen e tij n\u00eb Instagram, ai i b\u00ebn thirrje politik\u00ebs dhe institucioneve p\u00ebrgjegj\u00ebse q\u00eb t\u00eb rikthej\u00eb d\u00ebnimin me vdekje n\u00eb Itali<\/p>\n","protected":false},"author":1,"featured_media":11149,"comment_status":"open","ping_status":"open","sticky":false,"template":"","format":"standard","meta":{"footnotes":""},"categories":[10],"tags":[],"class_list":{"0":"post-11148","1":"post","2":"type-post","3":"status-publish","4":"format-standard","5":"has-post-thumbnail","7":"category-showbiz"},"_links":{"self":[{"href":"https:\/\/revistatrend.com\/index.php\/wp-json\/wp\/v2\/posts\/11148","targetHints":{"allow":["GET"]}}],"collection":[{"href":"https:\/\/revistatrend.com\/index.php\/wp-json\/wp\/v2\/posts"}],"about":[{"href":"https:\/\/revistatrend.com\/index.php\/wp-json\/wp\/v2\/types\/post"}],"author":[{"embeddable":true,"href":"https:\/\/revistatrend.com\/index.php\/wp-json\/wp\/v2\/users\/1"}],"replies":[{"embeddable":true,"href":"https:\/\/revistatrend.com\/index.php\/wp-json\/wp\/v2\/comments?post=11148"}],"version-history":[{"count":1,"href":"https:\/\/revistatrend.com\/index.php\/wp-json\/wp\/v2\/posts\/11148\/revisions"}],"predecessor-version":[{"id":11150,"href":"https:\/\/revistatrend.com\/index.php\/wp-json\/wp\/v2\/posts\/11148\/revisions\/11150"}],"wp:featuredmedia":[{"embeddable":true,"href":"https:\/\/revistatrend.com\/index.php\/wp-json\/wp\/v2\/media\/11149"}],"wp:attachment":[{"href":"https:\/\/revistatrend.com\/index.php\/wp-json\/wp\/v2\/media?parent=11148"}],"wp:term":[{"taxonomy":"category","embeddable":true,"href":"https:\/\/revistatrend.com\/index.php\/wp-json\/wp\/v2\/categories?post=11148"},{"taxonomy":"post_tag","embeddable":true,"href":"https:\/\/revistatrend.com\/index.php\/wp-json\/wp\/v2\/tags?post=11148"}],"curies":[{"name":"wp","href":"https:\/\/api.w.org\/{rel}","templated":true}]}}