{"id":11154,"date":"2025-04-07T18:37:54","date_gmt":"2025-04-07T18:37:54","guid":{"rendered":"https:\/\/revistatrend.com\/?p=11154"},"modified":"2025-04-07T18:37:54","modified_gmt":"2025-04-07T18:37:54","slug":"kur-isha-9-vjec-komshiu-abuzoi-me-mua-laert-vasili-trondit-me-rrefimin-ne-bbvip4","status":"publish","type":"post","link":"https:\/\/revistatrend.com\/index.php\/2025\/04\/07\/kur-isha-9-vjec-komshiu-abuzoi-me-mua-laert-vasili-trondit-me-rrefimin-ne-bbvip4\/","title":{"rendered":"&#8220;Kur isha 9 vje\u00e7, komshiu abuzoi me mua&#8221;, Laert Vasili trondit me rr\u00ebfimin n\u00eb BBVIP4!"},"content":{"rendered":"<p>\u201cJeta \u00ebsht\u00eb nj\u00eb rrug\u00ebtim i mundimsh\u00ebm drejt vetes\u201d, k\u00ebshtu e nisi rr\u00ebfimin e tij t\u00eb linj\u00ebs s\u00eb jet\u00ebs banori i \u201cBig Brother VIP\u201d, Laert Vasili.<\/p>\n<p>Ai ka rr\u00ebfyer detaje trondit\u00ebse nga jeta e tij, teksa zbuloi se \u00ebsht\u00eb abuzuar nga fqinji i tij n\u00eb mosh\u00ebn 9-vje\u00e7are. Laerti ka treguar gjithashtu se ka pasur var\u00ebsi nga alkooli.<\/p>\n<p>\u201cN\u00eb mosh\u00ebn 9-vje\u00e7are ndodh di\u00e7ka q\u00eb nuk do e harroj p\u00ebr gjith\u00eb jet\u00ebn. Nj\u00eb f\u00ebmij\u00eb n\u00ebnt\u00eb vje\u00e7 q\u00eb abuzohej nga komshiu i tij. Dhe kjo p\u00ebr 42 vite ka qen\u00eb brenda meje. Nuk tregoja se k\u00ebrc\u00ebnohesha se do t\u00eb dhunohesha. E kam mbajtur k\u00ebt\u00eb p\u00ebr vete. Kur u transferuam n\u00eb Sarand\u00eb isha shum\u00eb i lumtur, po ikja nga Tirana.<\/p>\n<p>Tinka Kurtin e kam pasur idhull. Nuk kam qen\u00eb nj\u00eb djal i mir\u00eb, kam pasur p\u00ebr nj\u00eb koh\u00eb t\u00eb gjat\u00eb var\u00ebsi nga alkooli. Uroj q\u00eb im at\u00eb t\u00eb m\u00eb fali, nuk e b\u00ebra dot gjysh. N\u00ebna ka qen\u00eb forc\u00eb kur babai nd\u00ebrroi jet\u00eb. ky \u00ebsht\u00eb Big-u im, drejt faljes, p\u00ebr ta b\u00ebr\u00eb Laertin njeri\u201d, ishte ky nj\u00eb pjes\u00eb e rr\u00ebfimit t\u00eb aktorit.<\/p>\n<p>Ne jemi t\u00eb num\u00ebruar n\u00eb jet\u00eb tani, ja na ikur Margarita. P\u00ebr mua ka qen\u00eb tronditje e madhe, ne jemi artist\u00eb q\u00eb i kemi sh\u00ebrbyer popullit, do i sh\u00ebrbejm\u00eb k\u00ebtij kombi deri sa t\u00eb kem i frym\u00ebn e fundit.\u201d, tha ajo.<\/p>\n<p>Laerti: I kan\u00eb dh\u00ebn\u00eb kan\u00eb shum\u00eb k\u00ebtij kombi, duhet t\u00eb ishim sjell\u00eb m\u00eb mir\u00eb me ta.<\/p>\n","protected":false},"excerpt":{"rendered":"<p>\u201cJeta \u00ebsht\u00eb nj\u00eb rrug\u00ebtim i mundimsh\u00ebm drejt vetes\u201d, k\u00ebshtu e nisi rr\u00ebfimin e tij t\u00eb linj\u00ebs s\u00eb jet\u00ebs banori i \u201cBig Brother VIP\u201d, Laert Vasili. Ai ka rr\u00ebfyer detaje trondit\u00ebse nga jeta e tij, teksa zbuloi se \u00ebsht\u00eb abuzuar nga fqinji i tij n\u00eb mosh\u00ebn 9-vje\u00e7are. Laerti ka treguar gjithashtu se ka pasur var\u00ebsi nga<\/p>\n","protected":false},"author":1,"featured_media":11155,"comment_status":"open","ping_status":"open","sticky":false,"template":"","format":"standard","meta":{"footnotes":""},"categories":[10],"tags":[],"class_list":{"0":"post-11154","1":"post","2":"type-post","3":"status-publish","4":"format-standard","5":"has-post-thumbnail","7":"category-showbiz"},"_links":{"self":[{"href":"https:\/\/revistatrend.com\/index.php\/wp-json\/wp\/v2\/posts\/11154","targetHints":{"allow":["GET"]}}],"collection":[{"href":"https:\/\/revistatrend.com\/index.php\/wp-json\/wp\/v2\/posts"}],"about":[{"href":"https:\/\/revistatrend.com\/index.php\/wp-json\/wp\/v2\/types\/post"}],"author":[{"embeddable":true,"href":"https:\/\/revistatrend.com\/index.php\/wp-json\/wp\/v2\/users\/1"}],"replies":[{"embeddable":true,"href":"https:\/\/revistatrend.com\/index.php\/wp-json\/wp\/v2\/comments?post=11154"}],"version-history":[{"count":1,"href":"https:\/\/revistatrend.com\/index.php\/wp-json\/wp\/v2\/posts\/11154\/revisions"}],"predecessor-version":[{"id":11156,"href":"https:\/\/revistatrend.com\/index.php\/wp-json\/wp\/v2\/posts\/11154\/revisions\/11156"}],"wp:featuredmedia":[{"embeddable":true,"href":"https:\/\/revistatrend.com\/index.php\/wp-json\/wp\/v2\/media\/11155"}],"wp:attachment":[{"href":"https:\/\/revistatrend.com\/index.php\/wp-json\/wp\/v2\/media?parent=11154"}],"wp:term":[{"taxonomy":"category","embeddable":true,"href":"https:\/\/revistatrend.com\/index.php\/wp-json\/wp\/v2\/categories?post=11154"},{"taxonomy":"post_tag","embeddable":true,"href":"https:\/\/revistatrend.com\/index.php\/wp-json\/wp\/v2\/tags?post=11154"}],"curies":[{"name":"wp","href":"https:\/\/api.w.org\/{rel}","templated":true}]}}