{"id":11225,"date":"2025-04-10T17:56:58","date_gmt":"2025-04-10T17:56:58","guid":{"rendered":"https:\/\/revistatrend.com\/?p=11225"},"modified":"2025-04-10T17:56:58","modified_gmt":"2025-04-10T17:56:58","slug":"olta-vazhdon-mbeshtetjen-per-gerta-gixharin-kot-e-kane","status":"publish","type":"post","link":"https:\/\/revistatrend.com\/index.php\/2025\/04\/10\/olta-vazhdon-mbeshtetjen-per-gerta-gixharin-kot-e-kane\/","title":{"rendered":"Olta vazhdon mb\u00ebshtetjen p\u00ebr Gerta Gixharin: Kot e kan\u00eb \u2026"},"content":{"rendered":"<p>Tashm\u00eb edicionit t\u00eb kat\u00ebrt t\u00eb Big Brother po i vjen fundi duke qen\u00eb se kan\u00eb ngelur vet\u00ebm dhjet\u00eb dit\u00eb deri n\u00eb fund.<br \/>\nDy finalist\u00ebt e par\u00eb t\u00eb shpallur jan\u00eb Rozana Radi dhe Laert Vasili, nd\u00ebrkaq kan\u00eb ngelur edhe dy vende t\u00eb lira.<\/p>\n<p>T\u00eb shtun\u00ebn do t\u00eb m\u00ebsohen edhe dy finalist\u00ebt e radh\u00ebs, derisa t\u00eb tjer\u00ebt do t\u00eb largohen nga formati. Olta Gixhari s\u00eb fundmi ka b\u00ebr\u00eb nj\u00eb postim p\u00ebr motr\u00ebn e saj, gazetaren Gerta Gixhari.<\/p>\n<p>Aktorja beson n\u00eb t\u00eb dhe thot\u00eb se nuk heq dor\u00eb kollaj, duke b\u00ebr\u00eb t\u00eb ditur n\u00eb nj\u00eb form\u00eb se do t\u00eb jet\u00eb finaliste.\u201cYlli motr\u00ebs. Nuk heq dor\u00eb kollaj ti jo, kot e kan\u00eb\u201d, ka shkruar ajo.<\/p>\n","protected":false},"excerpt":{"rendered":"<p>Tashm\u00eb edicionit t\u00eb kat\u00ebrt t\u00eb Big Brother po i vjen fundi duke qen\u00eb se kan\u00eb ngelur vet\u00ebm dhjet\u00eb dit\u00eb deri n\u00eb fund. Dy finalist\u00ebt e par\u00eb t\u00eb shpallur jan\u00eb Rozana Radi dhe Laert Vasili, nd\u00ebrkaq kan\u00eb ngelur edhe dy vende t\u00eb lira. T\u00eb shtun\u00ebn do t\u00eb m\u00ebsohen edhe dy finalist\u00ebt e radh\u00ebs, derisa t\u00eb tjer\u00ebt<\/p>\n","protected":false},"author":1,"featured_media":11226,"comment_status":"open","ping_status":"open","sticky":false,"template":"","format":"standard","meta":{"footnotes":""},"categories":[10],"tags":[],"class_list":{"0":"post-11225","1":"post","2":"type-post","3":"status-publish","4":"format-standard","5":"has-post-thumbnail","7":"category-showbiz"},"_links":{"self":[{"href":"https:\/\/revistatrend.com\/index.php\/wp-json\/wp\/v2\/posts\/11225","targetHints":{"allow":["GET"]}}],"collection":[{"href":"https:\/\/revistatrend.com\/index.php\/wp-json\/wp\/v2\/posts"}],"about":[{"href":"https:\/\/revistatrend.com\/index.php\/wp-json\/wp\/v2\/types\/post"}],"author":[{"embeddable":true,"href":"https:\/\/revistatrend.com\/index.php\/wp-json\/wp\/v2\/users\/1"}],"replies":[{"embeddable":true,"href":"https:\/\/revistatrend.com\/index.php\/wp-json\/wp\/v2\/comments?post=11225"}],"version-history":[{"count":1,"href":"https:\/\/revistatrend.com\/index.php\/wp-json\/wp\/v2\/posts\/11225\/revisions"}],"predecessor-version":[{"id":11227,"href":"https:\/\/revistatrend.com\/index.php\/wp-json\/wp\/v2\/posts\/11225\/revisions\/11227"}],"wp:featuredmedia":[{"embeddable":true,"href":"https:\/\/revistatrend.com\/index.php\/wp-json\/wp\/v2\/media\/11226"}],"wp:attachment":[{"href":"https:\/\/revistatrend.com\/index.php\/wp-json\/wp\/v2\/media?parent=11225"}],"wp:term":[{"taxonomy":"category","embeddable":true,"href":"https:\/\/revistatrend.com\/index.php\/wp-json\/wp\/v2\/categories?post=11225"},{"taxonomy":"post_tag","embeddable":true,"href":"https:\/\/revistatrend.com\/index.php\/wp-json\/wp\/v2\/tags?post=11225"}],"curies":[{"name":"wp","href":"https:\/\/api.w.org\/{rel}","templated":true}]}}