{"id":11328,"date":"2025-04-16T13:58:28","date_gmt":"2025-04-16T13:58:28","guid":{"rendered":"https:\/\/revistatrend.com\/?p=11328"},"modified":"2025-04-16T13:58:28","modified_gmt":"2025-04-16T13:58:28","slug":"shqiptaret-e-botes-ne-nje-skene-miss-diaspora-mberrin-ne-londer","status":"publish","type":"post","link":"https:\/\/revistatrend.com\/index.php\/2025\/04\/16\/shqiptaret-e-botes-ne-nje-skene-miss-diaspora-mberrin-ne-londer\/","title":{"rendered":"Shqiptaret e Bot\u00ebs n\u00eb Nj\u00eb Sken\u00eb \u2013 Miss Diaspora Mb\u00ebrrin n\u00eb Lond\u00ebr"},"content":{"rendered":"<h3 class=\"\" data-start=\"291\" data-end=\"381\"><strong data-start=\"295\" data-end=\"381\">Revista Trend sjell spektaklin m\u00eb t\u00eb bukur t\u00eb ver\u00ebs: Miss Diaspora 2025 n\u00eb Lond\u00ebr!<\/strong><\/h3>\n<p class=\"\" data-start=\"383\" data-end=\"607\">Me krenari dhe emocion t\u00eb ve\u00e7ant\u00eb, <strong data-start=\"418\" data-end=\"435\">Revista Trend<\/strong>, n\u00eb cil\u00ebsin\u00eb e organizatorit zyrtar, njofton mbajtjen e nj\u00eb prej eventeve m\u00eb t\u00eb r\u00ebnd\u00ebsish\u00ebm t\u00eb k\u00ebtij viti p\u00ebr komunitetin shqiptar n\u00eb mbar\u00eb bot\u00ebn \u2013 <strong data-start=\"584\" data-end=\"606\">Miss Diaspora 2025<\/strong>.<\/p>\n<p class=\"\" data-start=\"609\" data-end=\"912\">Ky spektak\u00ebl i bukuris\u00eb, kultur\u00ebs dhe shpirtit shqiptar do t\u00eb zhvillohet n\u00eb <strong data-start=\"685\" data-end=\"696\">qershor<\/strong>, n\u00eb zem\u00ebr t\u00eb <strong data-start=\"710\" data-end=\"721\">Londr\u00ebs<\/strong>, ku mbi <strong data-start=\"730\" data-end=\"791\">25 vajza t\u00eb mrekullueshme nga e gjith\u00eb diaspora shqiptare<\/strong>, q\u00eb jetojn\u00eb e veprojn\u00eb n\u00eb shtete t\u00eb ndryshme t\u00eb bot\u00ebs, do t\u00eb konkurrojn\u00eb p\u00ebr kuror\u00ebn e shum\u00ebd\u00ebshiruar t\u00eb Miss Diaspor\u00ebs.<\/p>\n<p class=\"\" data-start=\"914\" data-end=\"1248\">Ky nuk \u00ebsht\u00eb vet\u00ebm nj\u00eb konkurs bukurie \u2013 <strong data-start=\"955\" data-end=\"972\">Miss Diaspora<\/strong> \u00ebsht\u00eb nj\u00eb platform\u00eb e fort\u00eb p\u00ebr afirmimin e vlerave t\u00eb femr\u00ebs shqiptare n\u00eb diaspor\u00eb: <strong data-start=\"1058\" data-end=\"1122\">inteligjenc\u00ebs, tradit\u00ebs, identitetit dhe krenaris\u00eb komb\u00ebtare<\/strong>. \u00c7do pjes\u00ebmarr\u00ebse sjell me vete jo vet\u00ebm hijeshi, por nj\u00eb histori frym\u00ebzuese emigrimi, suksesi dhe p\u00ebrkushtimi ndaj rr\u00ebnj\u00ebve.<\/p>\n<p class=\"\" data-start=\"1250\" data-end=\"1535\">Revista Trend, si promotor i vazhduesh\u00ebm i kultur\u00ebs shqiptare dhe z\u00eb i grave dhe vajzave t\u00eb diaspor\u00ebs, e ka kthyer k\u00ebt\u00eb event n\u00eb nj\u00eb tradit\u00eb t\u00eb p\u00ebrvitshme q\u00eb shkon p\u00ebrtej gar\u00ebs \u2013 \u00ebsht\u00eb nj\u00eb <strong data-start=\"1439\" data-end=\"1483\">celebrim i bukuris\u00eb s\u00eb shpirtit shqiptar<\/strong>, nj\u00eb ur\u00eb q\u00eb lidh brez pas brezi dhe vend pas vendi.<\/p>\n<p class=\"\" data-start=\"1537\" data-end=\"1696\">Na ndiqni p\u00ebr m\u00eb shum\u00eb detaje mbi dat\u00ebn, lokacionin dhe m\u00ebnyr\u00ebn se si mund t\u00eb jeni pjes\u00eb e k\u00ebsaj mbr\u00ebmjeje magjike \u2013 si spektator, mb\u00ebshtet\u00ebs apo pjes\u00ebmarr\u00ebs.<\/p>\n<p class=\"\" data-start=\"1698\" data-end=\"1769\"><strong data-start=\"1698\" data-end=\"1720\">Miss Diaspora 2025<\/strong> \u2013 aty ku bukuria takohet me krenarin\u00eb shqiptare!<\/p>\n<p data-start=\"1698\" data-end=\"1769\"><img fetchpriority=\"high\" decoding=\"async\" class=\"alignnone size-full wp-image-11329\" src=\"https:\/\/revistatrend.com\/wp-content\/uploads\/2025\/04\/ea37da33-dce0-4f0a-a818-6c4e71f5e6f9.jpeg\" alt=\"\" width=\"1029\" height=\"1600\" srcset=\"https:\/\/revistatrend.com\/wp-content\/uploads\/2025\/04\/ea37da33-dce0-4f0a-a818-6c4e71f5e6f9.jpeg 1029w, https:\/\/revistatrend.com\/wp-content\/uploads\/2025\/04\/ea37da33-dce0-4f0a-a818-6c4e71f5e6f9-193x300.jpeg 193w, https:\/\/revistatrend.com\/wp-content\/uploads\/2025\/04\/ea37da33-dce0-4f0a-a818-6c4e71f5e6f9-659x1024.jpeg 659w, https:\/\/revistatrend.com\/wp-content\/uploads\/2025\/04\/ea37da33-dce0-4f0a-a818-6c4e71f5e6f9-768x1194.jpeg 768w, https:\/\/revistatrend.com\/wp-content\/uploads\/2025\/04\/ea37da33-dce0-4f0a-a818-6c4e71f5e6f9-988x1536.jpeg 988w, https:\/\/revistatrend.com\/wp-content\/uploads\/2025\/04\/ea37da33-dce0-4f0a-a818-6c4e71f5e6f9-150x233.jpeg 150w, https:\/\/revistatrend.com\/wp-content\/uploads\/2025\/04\/ea37da33-dce0-4f0a-a818-6c4e71f5e6f9-450x700.jpeg 450w\" sizes=\"(max-width: 1029px) 100vw, 1029px\" \/><\/p>\n<p data-start=\"1698\" data-end=\"1769\">\n","protected":false},"excerpt":{"rendered":"<p>Revista Trend sjell spektaklin m\u00eb t\u00eb bukur t\u00eb ver\u00ebs: Miss Diaspora 2025 n\u00eb Lond\u00ebr! Me krenari dhe emocion t\u00eb ve\u00e7ant\u00eb, Revista Trend, n\u00eb cil\u00ebsin\u00eb e organizatorit zyrtar, njofton mbajtjen e nj\u00eb prej eventeve m\u00eb t\u00eb r\u00ebnd\u00ebsish\u00ebm t\u00eb k\u00ebtij viti p\u00ebr komunitetin shqiptar n\u00eb mbar\u00eb bot\u00ebn \u2013 Miss Diaspora 2025. Ky spektak\u00ebl i bukuris\u00eb, kultur\u00ebs dhe<\/p>\n","protected":false},"author":1,"featured_media":11329,"comment_status":"open","ping_status":"open","sticky":false,"template":"","format":"standard","meta":{"footnotes":""},"categories":[6,7],"tags":[],"class_list":{"0":"post-11328","1":"post","2":"type-post","3":"status-publish","4":"format-standard","5":"has-post-thumbnail","7":"category-events","8":"category-fashion"},"_links":{"self":[{"href":"https:\/\/revistatrend.com\/index.php\/wp-json\/wp\/v2\/posts\/11328","targetHints":{"allow":["GET"]}}],"collection":[{"href":"https:\/\/revistatrend.com\/index.php\/wp-json\/wp\/v2\/posts"}],"about":[{"href":"https:\/\/revistatrend.com\/index.php\/wp-json\/wp\/v2\/types\/post"}],"author":[{"embeddable":true,"href":"https:\/\/revistatrend.com\/index.php\/wp-json\/wp\/v2\/users\/1"}],"replies":[{"embeddable":true,"href":"https:\/\/revistatrend.com\/index.php\/wp-json\/wp\/v2\/comments?post=11328"}],"version-history":[{"count":1,"href":"https:\/\/revistatrend.com\/index.php\/wp-json\/wp\/v2\/posts\/11328\/revisions"}],"predecessor-version":[{"id":11330,"href":"https:\/\/revistatrend.com\/index.php\/wp-json\/wp\/v2\/posts\/11328\/revisions\/11330"}],"wp:featuredmedia":[{"embeddable":true,"href":"https:\/\/revistatrend.com\/index.php\/wp-json\/wp\/v2\/media\/11329"}],"wp:attachment":[{"href":"https:\/\/revistatrend.com\/index.php\/wp-json\/wp\/v2\/media?parent=11328"}],"wp:term":[{"taxonomy":"category","embeddable":true,"href":"https:\/\/revistatrend.com\/index.php\/wp-json\/wp\/v2\/categories?post=11328"},{"taxonomy":"post_tag","embeddable":true,"href":"https:\/\/revistatrend.com\/index.php\/wp-json\/wp\/v2\/tags?post=11328"}],"curies":[{"name":"wp","href":"https:\/\/api.w.org\/{rel}","templated":true}]}}