{"id":11462,"date":"2025-04-29T19:59:54","date_gmt":"2025-04-29T19:59:54","guid":{"rendered":"https:\/\/revistatrend.com\/?p=11462"},"modified":"2025-04-29T19:59:54","modified_gmt":"2025-04-29T19:59:54","slug":"lutfi-vata-albanian-union-ambassador","status":"publish","type":"post","link":"https:\/\/revistatrend.com\/index.php\/2025\/04\/29\/lutfi-vata-albanian-union-ambassador\/","title":{"rendered":"Lutfi Vata &#8211; Albanian Union Ambassador"},"content":{"rendered":"<p class=\"\" data-start=\"0\" data-end=\"88\"><strong data-start=\"157\" data-end=\"175\">Albanian Union<\/strong> ka nisur me prezantimin e personazheve shqiptar\u00eb t\u00eb cil\u00ebt kan\u00eb kontribuar me figur\u00ebn e tyre n\u00eb zhvillimin e komuniteteve shqiptare n\u00eb t\u00eb gjith\u00eb bot\u00ebn. Si e till\u00eb, kjo nism\u00eb po publikon \u00e7do dit\u00eb k\u00ebt\u00eb kategori t\u00eb an\u00ebtar\u00ebve zyrtar\u00eb t\u00eb <strong data-start=\"408\" data-end=\"428\">&#8220;Albanian Union&#8221;<\/strong>, t\u00eb cil\u00ebt jan\u00eb p\u00ebrzgjedhur dhe do t\u00eb jen\u00eb pjes\u00eb e ceremonis\u00eb s\u00eb madhe t\u00eb diaspor\u00ebs q\u00eb do t\u00eb mbahet n\u00eb Lond\u00ebr n\u00eb muajin qershor. M\u00eb shum\u00eb se 70 <strong data-start=\"572\" data-end=\"604\">&#8220;Albanian Union Ambassadors&#8221;<\/strong> nga shum\u00eb shtete t\u00eb bot\u00ebs do t\u00eb marrin pjes\u00eb n\u00eb k\u00ebt\u00eb ceremoni p\u00ebr t\u00eb kremtuar p\u00ebr her\u00eb t\u00eb par\u00eb n\u00eb bot\u00eb bashkimin dhe unitetin e shqiptar\u00ebve n\u00eb ceremonin\u00eb <strong data-start=\"759\" data-end=\"784\">&#8220;Albanian Stars Gala&#8221;<\/strong>.<\/p>\n<h4 data-start=\"0\" data-end=\"88\"><span class=\"relative -mx-px my-[-0.2rem] rounded px-px py-[0.2rem] transition-colors duration-100 ease-in-out\"><strong>Lutfi Vata<\/strong> \u00ebsht\u00eb nj\u00eb figur\u00eb e shquar n\u00eb komunitetin shqiptar n\u00eb Mbret\u00ebrin\u00eb e Bashkuar, i njohur p\u00ebr p\u00ebrkushtimin e tij n\u00eb ruajtjen dhe p\u00ebrhapjen e gjuh\u00ebs dhe kultur\u00ebs shqiptare nd\u00ebr brezat e rinj t\u00eb diaspor\u00ebs.<\/span>\u200b<\/h4>\n<h3 class=\"\" data-start=\"90\" data-end=\"116\">Biografia dhe Karriera<\/h3>\n<p class=\"\" data-start=\"118\" data-end=\"314\"><span class=\"relative -mx-px my-[-0.2rem] rounded px-px py-[0.2rem] transition-colors duration-100 ease-in-out\">I lindur n\u00eb shtator 1968, Lutfi Vata ka qen\u00eb m\u00eb par\u00eb drejtor shkolle n\u00eb Shqip\u00ebri.<\/span> <span class=\"relative -mx-px my-[-0.2rem] rounded px-px py-[0.2rem] transition-colors duration-100 ease-in-out\">Pas emigrimit n\u00eb Mbret\u00ebrin\u00eb e Bashkuar, ai vazhdoi misionin e tij arsimor duke themeluar dhe drejtuar shkolla shqipe p\u00ebr f\u00ebmij\u00ebt e emigrant\u00ebve shqiptar\u00eb n\u00eb Lond\u00ebr.<\/span> <span class=\"relative -mx-px my-[-0.2rem] rounded px-px py-[0.2rem] transition-colors duration-100 ease-in-out\">Q\u00eb nga viti 2005, ai \u00ebsht\u00eb drejtues i Shoqat\u00ebs &#8220;Ardhm\u00ebria&#8221;, e cila ofron m\u00ebsim n\u00eb gjuh\u00ebn shqipe p\u00ebr f\u00ebmij\u00ebt e lindur n\u00eb Britani, duke u fokusuar n\u00eb ruajtjen e identitetit komb\u00ebtar dhe kulturor.<\/span><\/p>\n<h3 class=\"\" data-start=\"316\" data-end=\"347\">Aktivitetet dhe Kontributet<\/h3>\n<p class=\"\" data-start=\"349\" data-end=\"550\"><span class=\"relative -mx-px my-[-0.2rem] rounded px-px py-[0.2rem] transition-colors duration-100 ease-in-out\">N\u00ebn drejtimin e tij, Shoqata &#8220;Ardhm\u00ebria&#8221; ka hapur klasa t\u00eb shumta p\u00ebr f\u00ebmij\u00ebt shqiptar\u00eb n\u00eb Lond\u00ebr, duke p\u00ebrfshir\u00eb edhe klasa p\u00ebr f\u00ebmij\u00ebt e mosh\u00ebs 4-5 vje\u00e7, t\u00eb quajtura &#8220;klasa e brezave&#8221;<\/span> . <span class=\"relative -mx-px my-[-0.2rem] rounded px-px py-[0.2rem] transition-colors duration-100 ease-in-out\">Ai ka theksuar r\u00ebnd\u00ebsin\u00eb e p\u00ebrzgjedhjes s\u00eb m\u00ebsuesve t\u00eb kualifikuar dhe t\u00eb motivuar, duke p\u00ebrfshir\u00eb profesionist\u00eb t\u00eb diplomuar n\u00eb Shqip\u00ebri dhe n\u00eb Angli<\/span><\/p>\n<p class=\"\" data-start=\"552\" data-end=\"718\"><span class=\"relative -mx-px my-[-0.2rem] rounded px-px py-[0.2rem] transition-colors duration-100 ease-in-out\">P\u00ebrve\u00e7 angazhimit n\u00eb arsim, Vata ka qen\u00eb i p\u00ebrfshir\u00eb edhe n\u00eb aktivitete t\u00eb tjera komunitare dhe kulturore.<\/span> <span class=\"relative -mx-px my-[-0.2rem] rounded px-px py-[0.2rem] transition-colors duration-100 ease-in-out\">Ai ka sh\u00ebrbyer si President i Forumit t\u00eb Shoqatave Shqiptare n\u00eb Britani dhe ka bashk\u00ebpunuar me organizata t\u00eb ndryshme p\u00ebr t\u00eb promovuar \u00e7\u00ebshtjet komb\u00ebtare dhe p\u00ebr t\u00eb unifikuar shoqatat shqiptare n\u00eb Mbret\u00ebrin\u00eb e Bashkuar<\/span> .\u200b<\/p>\n<p class=\"\" data-start=\"749\" data-end=\"875\"><span class=\"relative -mx-px my-[-0.2rem] rounded px-px py-[0.2rem] transition-colors duration-100 ease-in-out\">P\u00ebr kontributin e tij t\u00eb jasht\u00ebzakonsh\u00ebm, n\u00eb vitin 2016 u publikua libri &#8220;Lutfi Vata, Frym\u00ebzim p\u00ebr Ardhm\u00ebrin\u00eb&#8221;, i cili u promovua n\u00eb Tiran\u00eb dhe n\u00eb Lond\u00ebr, duke njohur p\u00ebrpjekjet e tij p\u00ebr ruajtjen e gjuh\u00ebs dhe kultur\u00ebs shqiptare n\u00eb diaspor\u00eb<\/span> .<\/p>\n<p class=\"\" data-start=\"1084\" data-end=\"1209\"><span class=\"relative -mx-px my-[-0.2rem] rounded px-px py-[0.2rem] transition-colors duration-100 ease-in-out\">Lutfi Vata \u00ebsht\u00eb nj\u00eb shembull i p\u00ebrkushtimit ndaj ruajtjes s\u00eb identitetit komb\u00ebtar dhe kulturor n\u00eb diaspor\u00eb.<\/span> <span class=\"relative -mx-px my-[-0.2rem] rounded px-px py-[0.2rem] transition-colors duration-100 ease-in-out\">P\u00ebrmes pun\u00ebs s\u00eb tij n\u00eb arsim, kultur\u00eb dhe komunitet, ai ka ndikuar pozitivisht n\u00eb jet\u00ebn e shum\u00eb f\u00ebmij\u00ebve dhe familjeve shqiptare n\u00eb Mbret\u00ebrin\u00eb e Bashkuar.<\/span><\/p>\n<p class=\"\" data-start=\"1084\" data-end=\"1209\"><img fetchpriority=\"high\" decoding=\"async\" class=\"alignnone size-full wp-image-11464\" src=\"https:\/\/revistatrend.com\/wp-content\/uploads\/2025\/04\/1-Bucaj-vata-scaled.jpg\" alt=\"\" width=\"2560\" height=\"1707\" srcset=\"https:\/\/revistatrend.com\/wp-content\/uploads\/2025\/04\/1-Bucaj-vata-scaled.jpg 2560w, https:\/\/revistatrend.com\/wp-content\/uploads\/2025\/04\/1-Bucaj-vata-300x200.jpg 300w, https:\/\/revistatrend.com\/wp-content\/uploads\/2025\/04\/1-Bucaj-vata-1024x683.jpg 1024w, https:\/\/revistatrend.com\/wp-content\/uploads\/2025\/04\/1-Bucaj-vata-768x512.jpg 768w, https:\/\/revistatrend.com\/wp-content\/uploads\/2025\/04\/1-Bucaj-vata-1536x1024.jpg 1536w, https:\/\/revistatrend.com\/wp-content\/uploads\/2025\/04\/1-Bucaj-vata-2048x1365.jpg 2048w, https:\/\/revistatrend.com\/wp-content\/uploads\/2025\/04\/1-Bucaj-vata-150x100.jpg 150w, https:\/\/revistatrend.com\/wp-content\/uploads\/2025\/04\/1-Bucaj-vata-450x300.jpg 450w, https:\/\/revistatrend.com\/wp-content\/uploads\/2025\/04\/1-Bucaj-vata-1200x800.jpg 1200w\" sizes=\"(max-width: 2560px) 100vw, 2560px\" \/>\u200b<\/p>\n","protected":false},"excerpt":{"rendered":"<p>Albanian Union ka nisur me prezantimin e personazheve shqiptar\u00eb t\u00eb cil\u00ebt kan\u00eb kontribuar me figur\u00ebn e tyre n\u00eb zhvillimin e komuniteteve shqiptare n\u00eb t\u00eb gjith\u00eb bot\u00ebn. Si e till\u00eb, kjo nism\u00eb po publikon \u00e7do dit\u00eb k\u00ebt\u00eb kategori t\u00eb an\u00ebtar\u00ebve zyrtar\u00eb t\u00eb &#8220;Albanian Union&#8221;, t\u00eb cil\u00ebt jan\u00eb p\u00ebrzgjedhur dhe do t\u00eb jen\u00eb pjes\u00eb e ceremonis\u00eb s\u00eb<\/p>\n","protected":false},"author":1,"featured_media":11463,"comment_status":"open","ping_status":"open","sticky":false,"template":"","format":"standard","meta":{"footnotes":""},"categories":[126],"tags":[],"class_list":{"0":"post-11462","1":"post","2":"type-post","3":"status-publish","4":"format-standard","5":"has-post-thumbnail","7":"category-awards-international"},"_links":{"self":[{"href":"https:\/\/revistatrend.com\/index.php\/wp-json\/wp\/v2\/posts\/11462","targetHints":{"allow":["GET"]}}],"collection":[{"href":"https:\/\/revistatrend.com\/index.php\/wp-json\/wp\/v2\/posts"}],"about":[{"href":"https:\/\/revistatrend.com\/index.php\/wp-json\/wp\/v2\/types\/post"}],"author":[{"embeddable":true,"href":"https:\/\/revistatrend.com\/index.php\/wp-json\/wp\/v2\/users\/1"}],"replies":[{"embeddable":true,"href":"https:\/\/revistatrend.com\/index.php\/wp-json\/wp\/v2\/comments?post=11462"}],"version-history":[{"count":1,"href":"https:\/\/revistatrend.com\/index.php\/wp-json\/wp\/v2\/posts\/11462\/revisions"}],"predecessor-version":[{"id":11465,"href":"https:\/\/revistatrend.com\/index.php\/wp-json\/wp\/v2\/posts\/11462\/revisions\/11465"}],"wp:featuredmedia":[{"embeddable":true,"href":"https:\/\/revistatrend.com\/index.php\/wp-json\/wp\/v2\/media\/11463"}],"wp:attachment":[{"href":"https:\/\/revistatrend.com\/index.php\/wp-json\/wp\/v2\/media?parent=11462"}],"wp:term":[{"taxonomy":"category","embeddable":true,"href":"https:\/\/revistatrend.com\/index.php\/wp-json\/wp\/v2\/categories?post=11462"},{"taxonomy":"post_tag","embeddable":true,"href":"https:\/\/revistatrend.com\/index.php\/wp-json\/wp\/v2\/tags?post=11462"}],"curies":[{"name":"wp","href":"https:\/\/api.w.org\/{rel}","templated":true}]}}