{"id":11557,"date":"2025-08-19T13:29:10","date_gmt":"2025-08-19T13:29:10","guid":{"rendered":"https:\/\/revistatrend.com\/?p=11557"},"modified":"2025-08-19T13:31:57","modified_gmt":"2025-08-19T13:31:57","slug":"cfare-eshte-albanian-power-retreat","status":"publish","type":"post","link":"https:\/\/revistatrend.com\/index.php\/2025\/08\/19\/cfare-eshte-albanian-power-retreat\/","title":{"rendered":"\u00c7far\u00eb \u00ebsht\u00eb &#8220;Albanian Power Retreat&#8221; ?"},"content":{"rendered":"<p data-start=\"182\" data-end=\"659\"><strong data-start=\"182\" data-end=\"208\">Albanian Power Retreat<\/strong> \u00ebsht\u00eb nj\u00eb event unik, dyditor, q\u00eb do t\u00eb zhvillohet k\u00ebt\u00eb vjesht\u00eb n\u00eb nj\u00eb nga zonat m\u00eb t\u00eb bukura t\u00eb Anglis\u00eb \u2013 <strong data-start=\"316\" data-end=\"338\">Cornwall dhe Devon<\/strong>. Ky \u00ebsht\u00eb nj\u00eb event i konceptuar ndryshe nga \u00e7do gj\u00eb tjet\u00ebr m\u00eb par\u00eb p\u00ebr komunitetin shqiptar, i dedikuar sip\u00ebrmarr\u00ebsve dhe profesionist\u00ebve t\u00eb fushave t\u00eb ndryshme, t\u00eb cil\u00ebt d\u00ebshirojn\u00eb t\u00eb rigjenerojn\u00eb energjit\u00eb e tyre, t\u00eb rrisin motivimin dhe t\u00eb p\u00ebrgatiten p\u00ebr nj\u00eb sezon t\u00eb suksessh\u00ebm n\u00eb pun\u00eb, biznes dhe jet\u00eb personale.<\/p>\n<p data-start=\"661\" data-end=\"1068\">Ky retreat \u00ebsht\u00eb pjes\u00eb e nj\u00eb trendi global q\u00eb njihet gjer\u00ebsisht n\u00eb shum\u00eb vende t\u00eb bot\u00ebs, ku grupe njer\u00ebzish bashkohen p\u00ebr aktivitete q\u00eb lidhen me <strong data-start=\"807\" data-end=\"917\">sportin, wellness &amp; fitness, motivimin profesional, yoga, ushqimin e sh\u00ebndetsh\u00ebm dhe eksplorimin e natyr\u00ebs<\/strong>. P\u00ebrvoja e kombinimit t\u00eb k\u00ebtyre element\u00ebve sjell nj\u00eb ndjesi t\u00eb jasht\u00ebzakonshme t\u00eb rikthimit t\u00eb energjive, t\u00eb motivimit dhe t\u00eb ekuilibrit shpirt\u00ebror.<\/p>\n<h3 data-start=\"661\" data-end=\"1068\"><img fetchpriority=\"high\" decoding=\"async\" class=\"alignnone size-full wp-image-11561\" src=\"https:\/\/revistatrend.com\/wp-content\/uploads\/2025\/08\/8ce58db0e8f3bce4da4a33005eb8546e-scaled-1.jpeg\" alt=\"\" width=\"2560\" height=\"1707\" srcset=\"https:\/\/revistatrend.com\/wp-content\/uploads\/2025\/08\/8ce58db0e8f3bce4da4a33005eb8546e-scaled-1.jpeg 2560w, https:\/\/revistatrend.com\/wp-content\/uploads\/2025\/08\/8ce58db0e8f3bce4da4a33005eb8546e-scaled-1-300x200.jpeg 300w, https:\/\/revistatrend.com\/wp-content\/uploads\/2025\/08\/8ce58db0e8f3bce4da4a33005eb8546e-scaled-1-1024x683.jpeg 1024w, https:\/\/revistatrend.com\/wp-content\/uploads\/2025\/08\/8ce58db0e8f3bce4da4a33005eb8546e-scaled-1-768x512.jpeg 768w, https:\/\/revistatrend.com\/wp-content\/uploads\/2025\/08\/8ce58db0e8f3bce4da4a33005eb8546e-scaled-1-1536x1024.jpeg 1536w, https:\/\/revistatrend.com\/wp-content\/uploads\/2025\/08\/8ce58db0e8f3bce4da4a33005eb8546e-scaled-1-2048x1366.jpeg 2048w, https:\/\/revistatrend.com\/wp-content\/uploads\/2025\/08\/8ce58db0e8f3bce4da4a33005eb8546e-scaled-1-150x100.jpeg 150w, https:\/\/revistatrend.com\/wp-content\/uploads\/2025\/08\/8ce58db0e8f3bce4da4a33005eb8546e-scaled-1-450x300.jpeg 450w, https:\/\/revistatrend.com\/wp-content\/uploads\/2025\/08\/8ce58db0e8f3bce4da4a33005eb8546e-scaled-1-1200x800.jpeg 1200w\" sizes=\"(max-width: 2560px) 100vw, 2560px\" \/><strong>Pse \u00ebsht\u00eb i ve\u00e7ant\u00eb ky event?<\/strong><\/h3>\n<ul data-start=\"1111\" data-end=\"1746\">\n<li data-start=\"1111\" data-end=\"1278\">\n<p data-start=\"1113\" data-end=\"1278\"><strong data-start=\"1116\" data-end=\"1134\">Lokacioni unik<\/strong> \u2013 Cornwall dhe Devon, dy prej vendeve m\u00eb magjike dhe natyrore t\u00eb Anglis\u00eb, t\u00eb cilat ofrojn\u00eb qet\u00ebsi, bukuri dhe mund\u00ebsi t\u00eb pafundme eksplorimi.<\/p>\n<\/li>\n<li data-start=\"1279\" data-end=\"1435\">\n<p data-start=\"1281\" data-end=\"1435\"><strong data-start=\"1287\" data-end=\"1312\">Publiku i p\u00ebrzgjedhur<\/strong> \u2013 rreth <strong data-start=\"1321\" data-end=\"1357\">70 sip\u00ebrmarr\u00ebs dhe profesionist\u00eb<\/strong> nga fusha t\u00eb ndryshme, t\u00eb cil\u00ebt do t\u00eb jen\u00eb pjes\u00eb e k\u00ebtij rrug\u00ebtimi t\u00eb par\u00eb.<\/p>\n<\/li>\n<li data-start=\"1436\" data-end=\"1746\">\n<p data-start=\"1438\" data-end=\"1576\"><strong data-start=\"1441\" data-end=\"1465\">Ekip multidisiplinar<\/strong> \u2013 retreat-i do t\u00eb udh\u00ebhiqet nga nj\u00eb skuad\u00ebr prej <strong data-start=\"1515\" data-end=\"1536\">5 profesionist\u00ebsh<\/strong> t\u00eb specializuar n\u00eb fusha t\u00eb ndryshme: <span style=\"font-size: 14px;\">Trajner\u00eb sportiv\u00eb dhe t\u00eb fitness-it, <\/span><span style=\"font-size: 14px;\">Motivational speakers, <\/span><span style=\"font-size: 14px;\">Instruktor\u00eb yoga, <\/span><span style=\"font-size: 14px;\">Guida t\u00eb natyr\u00ebs, <\/span><span style=\"font-size: 14px;\">Ekspert\u00eb t\u00eb dietave dhe ushqimit t\u00eb sh\u00ebndetsh\u00ebm etj.\u00a0<\/span><\/p>\n<\/li>\n<\/ul>\n<p><img decoding=\"async\" class=\"alignnone size-full wp-image-11566\" src=\"https:\/\/revistatrend.com\/wp-content\/uploads\/2025\/08\/mevagissey-harbour.webp\" alt=\"\" width=\"1200\" height=\"800\" srcset=\"https:\/\/revistatrend.com\/wp-content\/uploads\/2025\/08\/mevagissey-harbour.webp 1200w, https:\/\/revistatrend.com\/wp-content\/uploads\/2025\/08\/mevagissey-harbour-300x200.webp 300w, https:\/\/revistatrend.com\/wp-content\/uploads\/2025\/08\/mevagissey-harbour-1024x683.webp 1024w, https:\/\/revistatrend.com\/wp-content\/uploads\/2025\/08\/mevagissey-harbour-768x512.webp 768w, https:\/\/revistatrend.com\/wp-content\/uploads\/2025\/08\/mevagissey-harbour-150x100.webp 150w, https:\/\/revistatrend.com\/wp-content\/uploads\/2025\/08\/mevagissey-harbour-450x300.webp 450w\" sizes=\"(max-width: 1200px) 100vw, 1200px\" \/><\/p>\n<h4 data-start=\"1753\" data-end=\"1779\">Programi i retreat-it<\/h4>\n<p data-start=\"1781\" data-end=\"1957\">Gjat\u00eb <strong data-start=\"1787\" data-end=\"1808\">2 dit\u00ebve t\u00eb plota<\/strong> (e shtun\u00eb dhe e diel), pjes\u00ebmarr\u00ebsit do t\u00eb ken\u00eb mund\u00ebsi t\u00eb p\u00ebrfshihen n\u00eb nj\u00eb program intensiv, i mbushur me aktivitete t\u00eb larmishme dhe t\u00ebrheq\u00ebse:<\/p>\n<ul data-start=\"1959\" data-end=\"2574\">\n<li data-start=\"1959\" data-end=\"2053\">\n<p data-start=\"1961\" data-end=\"2053\">\ud83e\uddd8\u200d\u2640\ufe0f <strong data-start=\"1967\" data-end=\"2000\">Seanca Yoga &amp; Mindset Therapy<\/strong> \u2013 p\u00ebr qet\u00ebsim mendor, fokus dhe zhvillim personal.<\/p>\n<\/li>\n<li data-start=\"2054\" data-end=\"2152\">\n<p data-start=\"2056\" data-end=\"2152\">\ud83c\udfc3\u200d\u2642\ufe0f <strong data-start=\"2062\" data-end=\"2093\">Sport &amp; Wellness Activities<\/strong> \u2013 aktivitete fizike t\u00eb lehta dhe energjizuese n\u00eb natyr\u00eb.<\/p>\n<\/li>\n<li data-start=\"2153\" data-end=\"2263\">\n<p data-start=\"2155\" data-end=\"2263\">\ud83c\udfa4 <strong data-start=\"2158\" data-end=\"2197\">Spirit Motivation &amp; Personal Growth<\/strong> \u2013 prezantime dhe trajnime frym\u00ebzuese nga spiker\u00eb profesionist\u00eb.<\/p>\n<\/li>\n<li data-start=\"2264\" data-end=\"2379\">\n<p data-start=\"2266\" data-end=\"2379\">\ud83c\udf7d\ufe0f <strong data-start=\"2270\" data-end=\"2297\">Healthy Food Experience<\/strong> \u2013 ushqim i sh\u00ebndetsh\u00ebm dhe i balancuar, i p\u00ebrshtatur p\u00ebr energji dhe mir\u00ebqenie.<\/p>\n<\/li>\n<li data-start=\"2380\" data-end=\"2470\">\n<p data-start=\"2382\" data-end=\"2470\">\ud83c\udf89 <strong data-start=\"2385\" data-end=\"2415\">Evening Party &amp; Networking<\/strong> \u2013 arg\u00ebtim dhe lidhje t\u00eb reja profesionale e sociale.<\/p>\n<\/li>\n<li data-start=\"2471\" data-end=\"2574\">\n<p data-start=\"2473\" data-end=\"2574\">\ud83c\udf04 <strong data-start=\"2476\" data-end=\"2515\">Guid\u00eb turistike n\u00eb Cornwall &amp; Devon<\/strong> \u2013 eksplorim i natyr\u00ebs dhe vendeve m\u00eb t\u00eb bukura t\u00eb zon\u00ebs.<\/p>\n<\/li>\n<\/ul>\n<p data-start=\"2576\" data-end=\"2723\">Pjes\u00ebmarr\u00ebsit do t\u00eb q\u00ebndrojn\u00eb <strong data-start=\"2606\" data-end=\"2630\">nj\u00eb nat\u00eb n\u00eb Cornwall<\/strong>, duke e kthyer k\u00ebt\u00eb eksperienc\u00eb n\u00eb nj\u00eb <strong data-start=\"2670\" data-end=\"2720\">udh\u00ebtim t\u00eb plot\u00eb,<\/strong><strong data-start=\"2670\" data-end=\"2720\"> fizik, mendor dhe shpirt\u00ebror<\/strong>.<\/p>\n<p data-start=\"2576\" data-end=\"2723\"><img decoding=\"async\" class=\"alignnone size-full wp-image-11564\" src=\"https:\/\/revistatrend.com\/wp-content\/uploads\/2025\/08\/Corporateyogawellbeingretreat.webp\" alt=\"\" width=\"1500\" height=\"1000\" srcset=\"https:\/\/revistatrend.com\/wp-content\/uploads\/2025\/08\/Corporateyogawellbeingretreat.webp 1500w, https:\/\/revistatrend.com\/wp-content\/uploads\/2025\/08\/Corporateyogawellbeingretreat-300x200.webp 300w, https:\/\/revistatrend.com\/wp-content\/uploads\/2025\/08\/Corporateyogawellbeingretreat-1024x683.webp 1024w, https:\/\/revistatrend.com\/wp-content\/uploads\/2025\/08\/Corporateyogawellbeingretreat-768x512.webp 768w, https:\/\/revistatrend.com\/wp-content\/uploads\/2025\/08\/Corporateyogawellbeingretreat-150x100.webp 150w, https:\/\/revistatrend.com\/wp-content\/uploads\/2025\/08\/Corporateyogawellbeingretreat-450x300.webp 450w, https:\/\/revistatrend.com\/wp-content\/uploads\/2025\/08\/Corporateyogawellbeingretreat-1200x800.webp 1200w\" sizes=\"(max-width: 1500px) 100vw, 1500px\" \/><\/p>\n<h4 data-start=\"2730\" data-end=\"2760\">Vlera q\u00eb sjell ky retreat<\/h4>\n<p data-start=\"2762\" data-end=\"3076\">Shum\u00eb studime nd\u00ebrkomb\u00ebtare tregojn\u00eb se rutina e p\u00ebrditshme, stresi, zhurma e qytetit dhe rrethimi me faktor\u00eb negativ\u00eb ndikojn\u00eb drejtp\u00ebrdrejt n\u00eb <strong data-start=\"2907\" data-end=\"2977\">produktivitin n\u00eb pun\u00eb, cil\u00ebsin\u00eb e jet\u00ebs dhe marr\u00ebdh\u00ebniet personale<\/strong>.<br data-start=\"2978\" data-end=\"2981\" \/><strong data-start=\"2981\" data-end=\"3007\">Albanian Power Retreat<\/strong> \u00ebsht\u00eb krijuar pik\u00ebrisht p\u00ebr t\u00eb thyer k\u00ebt\u00eb cik\u00ebl dhe p\u00ebr t\u00eb ofruar:<\/p>\n<ul data-start=\"3078\" data-end=\"3372\">\n<li data-start=\"3078\" data-end=\"3108\">\n<p data-start=\"3080\" data-end=\"3108\">\u2728 <strong data-start=\"3082\" data-end=\"3106\">Rikthim t\u00eb energjis\u00eb<\/strong><\/p>\n<\/li>\n<li data-start=\"3109\" data-end=\"3138\">\n<p data-start=\"3111\" data-end=\"3138\">\u2728 <strong data-start=\"3113\" data-end=\"3136\">Reduktim t\u00eb stresit<\/strong><\/p>\n<\/li>\n<li data-start=\"3139\" data-end=\"3195\">\n<p data-start=\"3141\" data-end=\"3195\">\u2728 <strong data-start=\"3143\" data-end=\"3193\">Motivim dhe frym\u00ebzim p\u00ebr sezonin e ri t\u00eb pun\u00ebs<\/strong><\/p>\n<\/li>\n<li data-start=\"3196\" data-end=\"3246\">\n<p data-start=\"3198\" data-end=\"3246\">\u2728 <strong data-start=\"3200\" data-end=\"3244\">P\u00ebrmir\u00ebsim t\u00eb sh\u00ebndetit fizik dhe mendor<\/strong><\/p>\n<\/li>\n<li data-start=\"3247\" data-end=\"3312\">\n<p data-start=\"3249\" data-end=\"3312\">\u2728 <strong data-start=\"3251\" data-end=\"3310\">Networking me profesionist\u00eb t\u00eb tjer\u00eb shqiptar\u00eb n\u00eb Angli<\/strong><\/p>\n<\/li>\n<li data-start=\"3313\" data-end=\"3372\">\n<p data-start=\"3315\" data-end=\"3372\">\u2728 <strong data-start=\"3317\" data-end=\"3370\">Ndryshim pozitiv n\u00eb m\u00ebnyr\u00ebn e jetes\u00ebs (lifestyle)<\/strong><\/p>\n<\/li>\n<\/ul>\n<p><img loading=\"lazy\" decoding=\"async\" class=\"alignnone size-full wp-image-11563\" src=\"https:\/\/revistatrend.com\/wp-content\/uploads\/2025\/08\/IMG_20231021_201331-EDIT-1024x576-1.jpg\" alt=\"\" width=\"1024\" height=\"576\" srcset=\"https:\/\/revistatrend.com\/wp-content\/uploads\/2025\/08\/IMG_20231021_201331-EDIT-1024x576-1.jpg 1024w, https:\/\/revistatrend.com\/wp-content\/uploads\/2025\/08\/IMG_20231021_201331-EDIT-1024x576-1-300x169.jpg 300w, https:\/\/revistatrend.com\/wp-content\/uploads\/2025\/08\/IMG_20231021_201331-EDIT-1024x576-1-768x432.jpg 768w, https:\/\/revistatrend.com\/wp-content\/uploads\/2025\/08\/IMG_20231021_201331-EDIT-1024x576-1-150x84.jpg 150w, https:\/\/revistatrend.com\/wp-content\/uploads\/2025\/08\/IMG_20231021_201331-EDIT-1024x576-1-450x253.jpg 450w\" sizes=\"(max-width: 1024px) 100vw, 1024px\" \/><\/p>\n<h2 data-start=\"3379\" data-end=\"3411\">Pjes\u00ebmarrja dhe vazhdim\u00ebsia<\/h2>\n<ul data-start=\"3413\" data-end=\"3817\">\n<li data-start=\"3413\" data-end=\"3587\">\n<p data-start=\"3415\" data-end=\"3587\">Ky \u00ebsht\u00eb <strong data-start=\"3424\" data-end=\"3442\">edicion i par\u00eb<\/strong> i <strong data-start=\"3445\" data-end=\"3471\">Albanian Power Retreat<\/strong>, por evente t\u00eb tilla do t\u00eb organizohen \u00e7do <strong data-start=\"3515\" data-end=\"3527\">2\u20133 muaj<\/strong>, duke krijuar nj\u00eb tradit\u00eb t\u00eb re p\u00ebr komunitetin shqiptar.<\/p>\n<\/li>\n<li data-start=\"3588\" data-end=\"3817\">\n<p data-start=\"3590\" data-end=\"3817\">P\u00ebr t\u2019u b\u00ebr\u00eb pjes\u00eb e k\u00ebtij rrug\u00ebtimi transformues, pjes\u00ebmarr\u00ebsit duhet t\u00eb pajisen me kart\u00ebn <strong data-start=\"3682\" data-end=\"3709\">&#8220;Albanian Union Member&#8221;<\/strong> (Professional ose Business), e cila u jep akses n\u00eb k\u00ebt\u00eb dhe n\u00eb evente t\u00eb tjera t\u00eb ngjashme n\u00eb t\u00eb ardhmen.<\/p>\n<\/li>\n<\/ul>\n<p><strong data-start=\"3840\" data-end=\"3866\">Albanian Power Retreat<\/strong> nuk \u00ebsht\u00eb thjesht nj\u00eb event \u2013 \u00ebsht\u00eb nj\u00eb <strong data-start=\"3907\" data-end=\"3931\">eksperienc\u00eb jet\u00ebsore<\/strong> q\u00eb do t\u2019ju ndihmoj\u00eb t\u00eb rimbushni baterit\u00eb, t\u00eb rigjeni balanc\u00ebn, t\u00eb nd\u00ebrtoni lidhje t\u00eb reja profesionale dhe t\u00eb p\u00ebrgatiteni p\u00ebr nj\u00eb sezon t\u00eb mbushur me suksese.<br data-start=\"4091\" data-end=\"4094\" \/>Nj\u00eb p\u00ebrzierje perfekte e <strong data-start=\"4119\" data-end=\"4176\">sportit, motivimit, natyr\u00ebs, arg\u00ebtimit dhe frym\u00ebzimit<\/strong>, n\u00eb nj\u00eb prej vendeve m\u00eb t\u00eb bukura t\u00eb Anglis\u00eb.<\/p>\n<p>Host Organizimi: Albanian Union , per detaje kontaktoni ne linkun e regjisterimeve ne faqen www.albanianunion.com\u00a0 &#8211; Kategoria Events &#8211; Outdoor<\/p>\n<p>&nbsp;<\/p>\n<p><img loading=\"lazy\" decoding=\"async\" class=\"alignnone size-full wp-image-11565\" src=\"https:\/\/revistatrend.com\/wp-content\/uploads\/2025\/08\/salcombe-1-3.jpg\" alt=\"\" width=\"2140\" height=\"1427\" srcset=\"https:\/\/revistatrend.com\/wp-content\/uploads\/2025\/08\/salcombe-1-3.jpg 2140w, https:\/\/revistatrend.com\/wp-content\/uploads\/2025\/08\/salcombe-1-3-300x200.jpg 300w, https:\/\/revistatrend.com\/wp-content\/uploads\/2025\/08\/salcombe-1-3-1024x683.jpg 1024w, https:\/\/revistatrend.com\/wp-content\/uploads\/2025\/08\/salcombe-1-3-768x512.jpg 768w, https:\/\/revistatrend.com\/wp-content\/uploads\/2025\/08\/salcombe-1-3-1536x1024.jpg 1536w, https:\/\/revistatrend.com\/wp-content\/uploads\/2025\/08\/salcombe-1-3-2048x1366.jpg 2048w, https:\/\/revistatrend.com\/wp-content\/uploads\/2025\/08\/salcombe-1-3-150x100.jpg 150w, https:\/\/revistatrend.com\/wp-content\/uploads\/2025\/08\/salcombe-1-3-450x300.jpg 450w, https:\/\/revistatrend.com\/wp-content\/uploads\/2025\/08\/salcombe-1-3-1200x800.jpg 1200w\" sizes=\"(max-width: 2140px) 100vw, 2140px\" \/><\/p>\n","protected":false},"excerpt":{"rendered":"<p>Albanian Power Retreat \u00ebsht\u00eb nj\u00eb event unik, dyditor, q\u00eb do t\u00eb zhvillohet k\u00ebt\u00eb vjesht\u00eb n\u00eb nj\u00eb nga zonat m\u00eb t\u00eb bukura t\u00eb Anglis\u00eb \u2013 Cornwall dhe Devon. Ky \u00ebsht\u00eb nj\u00eb event i konceptuar ndryshe nga \u00e7do gj\u00eb tjet\u00ebr m\u00eb par\u00eb p\u00ebr komunitetin shqiptar, i dedikuar sip\u00ebrmarr\u00ebsve dhe profesionist\u00ebve t\u00eb fushave t\u00eb ndryshme, t\u00eb cil\u00ebt d\u00ebshirojn\u00eb<\/p>\n","protected":false},"author":1,"featured_media":11559,"comment_status":"open","ping_status":"open","sticky":false,"template":"","format":"standard","meta":{"footnotes":""},"categories":[6],"tags":[],"class_list":{"0":"post-11557","1":"post","2":"type-post","3":"status-publish","4":"format-standard","5":"has-post-thumbnail","7":"category-events"},"_links":{"self":[{"href":"https:\/\/revistatrend.com\/index.php\/wp-json\/wp\/v2\/posts\/11557","targetHints":{"allow":["GET"]}}],"collection":[{"href":"https:\/\/revistatrend.com\/index.php\/wp-json\/wp\/v2\/posts"}],"about":[{"href":"https:\/\/revistatrend.com\/index.php\/wp-json\/wp\/v2\/types\/post"}],"author":[{"embeddable":true,"href":"https:\/\/revistatrend.com\/index.php\/wp-json\/wp\/v2\/users\/1"}],"replies":[{"embeddable":true,"href":"https:\/\/revistatrend.com\/index.php\/wp-json\/wp\/v2\/comments?post=11557"}],"version-history":[{"count":4,"href":"https:\/\/revistatrend.com\/index.php\/wp-json\/wp\/v2\/posts\/11557\/revisions"}],"predecessor-version":[{"id":11570,"href":"https:\/\/revistatrend.com\/index.php\/wp-json\/wp\/v2\/posts\/11557\/revisions\/11570"}],"wp:featuredmedia":[{"embeddable":true,"href":"https:\/\/revistatrend.com\/index.php\/wp-json\/wp\/v2\/media\/11559"}],"wp:attachment":[{"href":"https:\/\/revistatrend.com\/index.php\/wp-json\/wp\/v2\/media?parent=11557"}],"wp:term":[{"taxonomy":"category","embeddable":true,"href":"https:\/\/revistatrend.com\/index.php\/wp-json\/wp\/v2\/categories?post=11557"},{"taxonomy":"post_tag","embeddable":true,"href":"https:\/\/revistatrend.com\/index.php\/wp-json\/wp\/v2\/tags?post=11557"}],"curies":[{"name":"wp","href":"https:\/\/api.w.org\/{rel}","templated":true}]}}