{"id":11579,"date":"2025-09-01T07:53:53","date_gmt":"2025-09-01T07:53:53","guid":{"rendered":"https:\/\/revistatrend.com\/?p=11579"},"modified":"2025-09-01T08:00:52","modified_gmt":"2025-09-01T08:00:52","slug":"termet-i-forte-ne-afganistan-mbi-600-te-vdekur-e-mijera-nen-rrenoja","status":"publish","type":"post","link":"https:\/\/revistatrend.com\/index.php\/2025\/09\/01\/termet-i-forte-ne-afganistan-mbi-600-te-vdekur-e-mijera-nen-rrenoja\/","title":{"rendered":"T\u00ebrmet i fort\u00eb n\u00eb Afganistan\/ Mbi 600 T\u00cb VDEKUR e mij\u00ebra n\u00ebn rr\u00ebnoja"},"content":{"rendered":"<p><span dir=\"auto\" style=\"vertical-align: inherit;\"><span dir=\"auto\" style=\"vertical-align: inherit;\">Mbi 620 njer\u00ebz humb\u00ebn jet\u00ebn dhe m\u00eb shum\u00eb se 1.500 t\u00eb tjer\u00eb u plagos\u00ebn nga nj\u00eb t\u00ebrmet q\u00eb goditi Afganistanin lindor, njoftuan qytetar\u00ebt t\u00eb h\u00ebn\u00ebn. Ekipet e shp\u00ebtimit k\u00ebrkimet p\u00ebr t\u00eb mbijetuar mes rr\u00ebnojave.<\/span><\/span><\/p>\n<p><span dir=\"auto\" style=\"vertical-align: inherit;\"><span dir=\"auto\" style=\"vertical-align: inherit;\">Sipas raportimeve t\u00eb para, vet\u00ebm n\u00eb nj\u00eb fshat jan\u00eb gjetur 30 viktima, por shifrat e sakta nuk jan\u00eb t\u00eb vendosura, pasi b\u00ebhet fjal\u00eb p\u00ebr zon\u00ebn e malore fshatra t\u00eb gjith\u00eb.<\/span><\/span><\/p>\n<p><span dir=\"auto\" style=\"vertical-align: inherit;\"><span dir=\"auto\" style=\"vertical-align: inherit;\">\u201cNumri i viktimave dhe i t\u00eb plagosurve \u00ebsht\u00eb i lart\u00eb, por p\u00ebr shkak se \u00ebsht\u00eb problemi p\u00ebr zon\u00ebn q\u00eb jan\u00eb arritur, ekipet tona jan\u00eb ende n\u00eb terren\u201d, tha z\u00ebdh\u00ebn\u00ebsi i Ministris\u00eb s\u00eb Talibane t\u00eb Sh\u00ebndet\u00ebsis\u00eb, Sharafat Zaman.<\/span><\/span><\/p>\n<p><span dir=\"auto\" style=\"vertical-align: inherit;\"><span dir=\"auto\" style=\"vertical-align: inherit;\">Sipas raporteve, tre fshatra u shkat\u00ebrruan n\u00eb provinc\u00ebn Kunar, nd\u00ebrsa shum\u00eb t\u00eb tjera pasuan d\u00ebmet e tyre.<\/span><\/span><\/p>\n<p><span dir=\"auto\" style=\"vertical-align: inherit;\"><span dir=\"auto\" style=\"vertical-align: inherit;\">T\u00ebrmeti me magnitud\u00eb 6 ra n\u00eb mesnat\u00eb, n\u00eb nj\u00eb thell\u00ebsi prej 10 kilometrash, duke u mbajtur sht\u00ebpit\u00eb nga balli dhe guri n\u00eb kufi me rajonin Khiber Paktunkva t\u00eb Pakistanit, b\u00ebjn\u00eb t\u00eb ditur zyrtar\u00ebt.<\/span><\/span><\/p>\n<p>&nbsp;<\/p>\n<p>&nbsp;<\/p>\n","protected":false},"excerpt":{"rendered":"<p>Mbi 620 njer\u00ebz humb\u00ebn jet\u00ebn dhe m\u00eb shum\u00eb se 1.500 t\u00eb tjer\u00eb u plagos\u00ebn nga nj\u00eb t\u00ebrmet q\u00eb goditi Afganistanin lindor, njoftuan qytetar\u00ebt t\u00eb h\u00ebn\u00ebn. Ekipet e shp\u00ebtimit k\u00ebrkimet p\u00ebr t\u00eb mbijetuar mes rr\u00ebnojave. Sipas raportimeve t\u00eb para, vet\u00ebm n\u00eb nj\u00eb fshat jan\u00eb gjetur 30 viktima, por shifrat e sakta nuk jan\u00eb t\u00eb vendosura, pasi<\/p>\n","protected":false},"author":1,"featured_media":11580,"comment_status":"open","ping_status":"open","sticky":false,"template":"","format":"standard","meta":{"footnotes":""},"categories":[6,130],"tags":[],"class_list":{"0":"post-11579","1":"post","2":"type-post","3":"status-publish","4":"format-standard","5":"has-post-thumbnail","7":"category-events","8":"category-kronike"},"_links":{"self":[{"href":"https:\/\/revistatrend.com\/index.php\/wp-json\/wp\/v2\/posts\/11579","targetHints":{"allow":["GET"]}}],"collection":[{"href":"https:\/\/revistatrend.com\/index.php\/wp-json\/wp\/v2\/posts"}],"about":[{"href":"https:\/\/revistatrend.com\/index.php\/wp-json\/wp\/v2\/types\/post"}],"author":[{"embeddable":true,"href":"https:\/\/revistatrend.com\/index.php\/wp-json\/wp\/v2\/users\/1"}],"replies":[{"embeddable":true,"href":"https:\/\/revistatrend.com\/index.php\/wp-json\/wp\/v2\/comments?post=11579"}],"version-history":[{"count":2,"href":"https:\/\/revistatrend.com\/index.php\/wp-json\/wp\/v2\/posts\/11579\/revisions"}],"predecessor-version":[{"id":11585,"href":"https:\/\/revistatrend.com\/index.php\/wp-json\/wp\/v2\/posts\/11579\/revisions\/11585"}],"wp:featuredmedia":[{"embeddable":true,"href":"https:\/\/revistatrend.com\/index.php\/wp-json\/wp\/v2\/media\/11580"}],"wp:attachment":[{"href":"https:\/\/revistatrend.com\/index.php\/wp-json\/wp\/v2\/media?parent=11579"}],"wp:term":[{"taxonomy":"category","embeddable":true,"href":"https:\/\/revistatrend.com\/index.php\/wp-json\/wp\/v2\/categories?post=11579"},{"taxonomy":"post_tag","embeddable":true,"href":"https:\/\/revistatrend.com\/index.php\/wp-json\/wp\/v2\/tags?post=11579"}],"curies":[{"name":"wp","href":"https:\/\/api.w.org\/{rel}","templated":true}]}}