{"id":11832,"date":"2025-09-15T14:01:37","date_gmt":"2025-09-15T14:01:37","guid":{"rendered":"https:\/\/revistatrend.com\/?p=11832"},"modified":"2025-09-15T14:01:37","modified_gmt":"2025-09-15T14:01:37","slug":"incesti-percau-familjen-sekreti-i-erret-babai-ka-nje-djale-me-vajzen-e-halles-se-tij","status":"publish","type":"post","link":"https:\/\/revistatrend.com\/index.php\/2025\/09\/15\/incesti-percau-familjen-sekreti-i-erret-babai-ka-nje-djale-me-vajzen-e-halles-se-tij\/","title":{"rendered":"Incesti p\u00ebr\u00e7au familjen, sekreti i err\u00ebt: Babai ka nj\u00eb djal\u00eb me vajz\u00ebn e hall\u00ebs s\u00eb tij!"},"content":{"rendered":"<p>N\u00eb\u00a0 \u201cShihemi n\u00eb Gjyq\u201d sjell konfliktin mes motrave, Fatm\u00ebs e Shpres\u00ebs. Ato vijn\u00eb nga nj\u00eb familje me pes\u00eb vajza, por Fatma akuzon Shpres\u00ebn se ka marr\u00eb pasurin\u00eb q\u00eb duhet ndar\u00eb mes tyre.<\/p>\n<p>Shpresa thot\u00eb se e ka bler\u00eb k\u00ebt\u00eb pasuri dhe nuk ka arsye q\u00eb ta kthej\u00eb. Nd\u00ebrsa merr fjal\u00ebn, nisin t\u00eb dalin n\u00eb drit\u00eb sekrete t\u00eb err\u00ebta: babai i vajzave, Rushiti, ka nj\u00eb djal\u00eb me vajz\u00ebn e hall\u00ebs. Ajo ia ka bler\u00eb t\u00eb atit pron\u00ebn, i cili i ka p\u00ebrdorur parat\u00eb p\u00ebr t\u00eb shlyer borxhet e t\u00eb birit.<\/p>\n<div class=\"bnr-wrapper ng-star-inserted\">\n<div id=\"div-dynamic-banner-pc1\" class=\"ng-star-inserted\" data-google-query-id=\"CO65h-P22o8DFSqCgwcdbDAg-w\">\n<div id=\"google_ads_iframe_\/197741849\/klan__section_5_10__container__\"><strong style=\"font-size: 14px;\">Shpresa:<\/strong><span style=\"font-size: 14px;\">\u00a0<\/span><em style=\"font-size: 14px;\">Ne jemi nj\u00eb familje prej pes\u00eb motrash dhe babi ka nj\u00eb djal\u00eb incest me goc\u00ebn e hall\u00ebs s\u00eb vet. Kjo \u00ebsht\u00eb e v\u00ebrteta. Prona q\u00eb kjo motra ime e dashur sot po m\u00eb k\u00ebrkon, un\u00eb ia kam bler\u00eb babait tim sepse babai im donte t\u2019ia shiste dikujt tjet\u00ebr p\u00ebr t\u00eb lar\u00eb borxhet e djalit t\u00eb tij.<\/em><\/div>\n<\/div>\n<\/div>\n<p><strong>Fatma:<\/strong>\u00a0<em>Tirana ka dyqane plot, pse duhet t\u00eb blesh pron\u00ebn q\u00eb na takon?<\/em><\/p>\n<p><strong>Eni \u00c7obani:<\/strong>\u00a0<em>Edhe nj\u00ebher\u00eb, se kjo ishte shum\u00eb e r\u00ebnd\u00eb dhe deklarat\u00eb q\u00eb besoj, secili q\u00eb e d\u00ebgjoi, duket akoma s\u2019e ka kuptuar. Pra, prind\u00ebrit tuaj, nga martesa e tyre, ju kan\u00eb vet\u00ebm juve pes\u00eb vajzat apo jo?<\/em><\/p>\n<p><strong>Shpresa:<\/strong>\u00a0<em>Po.<\/em><\/p>\n<p><strong>Eni \u00c7obani:<\/strong>\u00a0<em>Tani, lidhja tjet\u00ebr e babit ka qen\u00eb me vajz\u00ebn e hall\u00ebs s\u00eb tij?<\/em><\/p>\n<p><strong>Shpresa:<\/strong>\u00a0<em>Po dhe kan\u00eb nj\u00eb djal\u00eb.<\/em><\/p>\n<p><strong>Eni \u00c7obani:<\/strong>\u00a0<em>Dhe ka sjell\u00eb n\u00eb jet\u00eb edhe nj\u00eb djal\u00eb. Djali ka mosh\u00ebn tuaj?<\/em><\/p>\n<p><strong>Shpresa:<\/strong>\u00a0<em>Djali \u00ebsht\u00eb 31 vje\u00e7. Vjen pas ne t\u00eb pestave. K\u00ebtu fillon e gjith\u00eb trazira e familjes son\u00eb.<\/em><\/p>\n<p><strong>Ardit Gjebrea:<\/strong>\u00a0<em>Po mir\u00eb, e ka pranuar babi k\u00ebt\u00eb gj\u00eb?<\/em><\/p>\n<p><strong>Shpresa:<\/strong>\u00a0<em>Po, e ka pranuar.<\/em><\/p>\n<p><strong>Ardit Gjebrea:<\/strong>\u00a0<em>E ka pranuar si djal\u00eb me vajz\u00ebn e hall\u00ebs?<\/em><\/p>\n<p><strong>Shpresa:<\/strong>\u00a0<em>Po.<\/em><\/p>\n<p><strong>Ardit Gjebrea:<\/strong>\u00a0<em>I ka dh\u00ebn\u00eb edhe mbiemrin e vet?<\/em><\/p>\n<p><strong>Shpresa:<\/strong>\u00a0<em>Po.<\/em><\/p>\n<p><strong>Ardit Gjebrea:<\/strong>\u00a0<em>Dhe n\u00eb certifikat\u00eb \u00ebsht\u00eb edhe emri i babait, edhe i n\u00ebn\u00ebs?<\/em><\/p>\n<p><strong>Shpresa:<\/strong>\u00a0<em>Po, por jo n\u00eb certifikat\u00ebn ton\u00eb familjare.<\/em><\/p>\n<p><strong>Fatma:<\/strong>\u00a0<em>Por ne nuk jemi k\u00ebtu p\u00ebr t\u00eb diskutuar babain dhe jet\u00ebn e tij personale. Okej, ai ka b\u00ebr\u00eb gabimet e veta, por tani neve na intereson prona.<\/em><\/p>\n<p><strong>Shpresa:<\/strong>\u00a0<em>Por k\u00ebtu vazhdon konflikti yn\u00eb sepse un\u00eb prandaj e bleva at\u00eb pron\u00eb sepse meq\u00eb babai donte ta shiste diku tjet\u00ebr p\u00ebr t\u00eb lar\u00eb borxhet e k\u00ebtij djalit q\u00eb luante bixhoz, preferova ta blej un\u00eb m\u00eb mir\u00eb.<\/em><\/p>\n<p>Prona p\u00ebr t\u00eb cil\u00ebn b\u00ebhet fjal\u00eb \u00ebsht\u00eb nj\u00eb magazin\u00eb dhe nj\u00eb dyqan. Fatma s\u00ebrish vazhdon t\u00eb ngulmoj\u00eb se motra duhet t\u00eb kthej\u00eb pron\u00ebn, por Shpresa nuk l\u00ebkundet. Nj\u00ebkoh\u00ebsisht, ajo i drejtohet motr\u00ebs duke i th\u00ebn\u00eb \u201cbabai yt \u00ebsht\u00eb mashtrues\u201d. E pyetur n\u00ebse e pranon Rushitin si baba, Shpresa thot\u00eb se ai \u00ebsht\u00eb shkaku q\u00eb vajzat e familjes gjenden n\u00eb k\u00ebt\u00eb situat\u00eb.<\/p>\n<p><strong>Shpresa:<\/strong>\u00a0<em>Nj\u00eb baba q\u00eb sjell konflikt n\u00eb familje, nj\u00eb baba q\u00eb ka futur kaq shum\u00eb trazira n\u00eb mesin ton\u00eb, na ka p\u00ebr\u00e7ar\u00eb, p\u00ebr mua nuk \u00ebsht\u00eb baba! M\u00eb fal, por ky \u00ebsht\u00eb realiteti. Baba \u00ebsht\u00eb ai q\u00eb kujdeset p\u00ebr f\u00ebmij\u00ebt e tij, q\u00eb i do f\u00ebmij\u00ebt e tij dhe b\u00ebn p\u00ebr f\u00ebmij\u00ebt e tij. Jo nj\u00eb baba q\u00eb m\u00eb sjell mua dhe motrat n\u00eb gjyq sot!<\/em><\/p>\n","protected":false},"excerpt":{"rendered":"<p>N\u00eb\u00a0 \u201cShihemi n\u00eb Gjyq\u201d sjell konfliktin mes motrave, Fatm\u00ebs e Shpres\u00ebs. Ato vijn\u00eb nga nj\u00eb familje me pes\u00eb vajza, por Fatma akuzon Shpres\u00ebn se ka marr\u00eb pasurin\u00eb q\u00eb duhet ndar\u00eb mes tyre. Shpresa thot\u00eb se e ka bler\u00eb k\u00ebt\u00eb pasuri dhe nuk ka arsye q\u00eb ta kthej\u00eb. Nd\u00ebrsa merr fjal\u00ebn, nisin t\u00eb dalin n\u00eb drit\u00eb<\/p>\n","protected":false},"author":1,"featured_media":11833,"comment_status":"open","ping_status":"open","sticky":false,"template":"","format":"standard","meta":{"footnotes":""},"categories":[38],"tags":[],"class_list":{"0":"post-11832","1":"post","2":"type-post","3":"status-publish","4":"format-standard","5":"has-post-thumbnail","7":"category-reality-tv"},"_links":{"self":[{"href":"https:\/\/revistatrend.com\/index.php\/wp-json\/wp\/v2\/posts\/11832","targetHints":{"allow":["GET"]}}],"collection":[{"href":"https:\/\/revistatrend.com\/index.php\/wp-json\/wp\/v2\/posts"}],"about":[{"href":"https:\/\/revistatrend.com\/index.php\/wp-json\/wp\/v2\/types\/post"}],"author":[{"embeddable":true,"href":"https:\/\/revistatrend.com\/index.php\/wp-json\/wp\/v2\/users\/1"}],"replies":[{"embeddable":true,"href":"https:\/\/revistatrend.com\/index.php\/wp-json\/wp\/v2\/comments?post=11832"}],"version-history":[{"count":1,"href":"https:\/\/revistatrend.com\/index.php\/wp-json\/wp\/v2\/posts\/11832\/revisions"}],"predecessor-version":[{"id":11834,"href":"https:\/\/revistatrend.com\/index.php\/wp-json\/wp\/v2\/posts\/11832\/revisions\/11834"}],"wp:featuredmedia":[{"embeddable":true,"href":"https:\/\/revistatrend.com\/index.php\/wp-json\/wp\/v2\/media\/11833"}],"wp:attachment":[{"href":"https:\/\/revistatrend.com\/index.php\/wp-json\/wp\/v2\/media?parent=11832"}],"wp:term":[{"taxonomy":"category","embeddable":true,"href":"https:\/\/revistatrend.com\/index.php\/wp-json\/wp\/v2\/categories?post=11832"},{"taxonomy":"post_tag","embeddable":true,"href":"https:\/\/revistatrend.com\/index.php\/wp-json\/wp\/v2\/tags?post=11832"}],"curies":[{"name":"wp","href":"https:\/\/api.w.org\/{rel}","templated":true}]}}