{"id":11925,"date":"2025-09-20T06:32:32","date_gmt":"2025-09-20T06:32:32","guid":{"rendered":"https:\/\/revistatrend.com\/?p=11925"},"modified":"2025-09-20T06:32:32","modified_gmt":"2025-09-20T06:32:32","slug":"rrefimi-emocional-i-avokatit-sajmir-visha-pas-betejes-me-kancerin-nuk-garantonin-jetegjatesi-por-une-sot","status":"publish","type":"post","link":"https:\/\/revistatrend.com\/index.php\/2025\/09\/20\/rrefimi-emocional-i-avokatit-sajmir-visha-pas-betejes-me-kancerin-nuk-garantonin-jetegjatesi-por-une-sot\/","title":{"rendered":"Rr\u00ebfimi emocional i avokatit Sajmir Visha pas betej\u00ebs me kancerin: \u201cNuk garantonin jet\u00ebgjat\u00ebsi, por un\u00eb sot&#8230;&#8221;"},"content":{"rendered":"<p>Avokati Sajmir Visha, n\u00eb nj\u00eb intervist\u00eb p\u00ebr \u201cFtes\u00eb n\u00eb 5\u201d, rr\u00ebfeu betej\u00ebn m\u00eb t\u00eb r\u00ebnd\u00ebsishme t\u00eb jet\u00ebs s\u00eb tij, p\u00ebrballjen me kancerin. Visha pranoi se p\u00ebr shkak t\u00eb neglizhenc\u00ebs ndaj sh\u00ebndetit, nuk e diagnostikoi s\u00ebmundjen n\u00eb koh\u00eb. Ai tha se ka r\u00ebn\u00eb tre her\u00eb n\u00eb kom\u00eb, nd\u00ebrsa kurimi n\u00eb Itali dhe SHBA \u2018e riktheu\u2019 n\u00eb jet\u00eb.<\/p>\n<p><span style=\"font-size: 14px;\">\u201cNe kemi mentalitetin t\u00eb mos vizitohemi se mos na del ndonj\u00eb gj\u00eb. Po ti makin\u00ebn e \u00e7on p\u00ebr ta rregulluar dhe nuk \u00e7on veten t\u00ebnde. Un\u00eb isha n\u00eb grad\u00ebn e fundit. Pas operacionit, mjek\u00ebt kishin frik\u00ebn e dy vatrave tumorale q\u00eb kishin dep\u00ebrtuar n\u00eb mushk\u00ebri, dhe meq\u00eb m\u00ebl\u00e7ia ka pasur probleme, nuk i merrnin p\u00ebrsip\u00ebr, nuk garantonin jet\u00ebgjat\u00ebsi. Duke hulumtuar, gjet\u00ebn\u00a0nj\u00eb spital\u00a0n\u00eb Amerik\u00eb, q\u00eb ka prodhuar vaksina kund\u00ebr kancerit. 80-90% e kancerit m\u2019u largua nga ajo. Nj\u00eb 10% q\u00eb m\u00eb ka ngelur, do e b\u00ebj n\u00eb tetor dhe garancia \u00ebsht\u00eb 100%. Kjo ishte risi mjek\u00ebsore. Me vaksin\u00ebn dhe terapin\u00eb, m\u00eb ngrit\u00ebn n\u00eb k\u00ebmb\u00eb. B\u00ebra fizioterapi dhe sot fluturoj, se kat\u00ebr muaj kam qen\u00eb i ngrir\u00eb\u201d.<\/span><\/p>\n<div class=\"gsh-embed\">\n<article class=\"story-block align-left image-align-left valign-horizontal strip\">\n<div class=\"inner\"><span style=\"font-size: 14px;\">Avokati tregoi se \u00ebsht\u00eb rikthyer n\u00eb Shqip\u00ebri pa lejen e mjek\u00ebve, me mallin dhe d\u00ebshir\u00ebn e madhe p\u00ebr t\u00eb takuar miqt\u00eb dhe p\u00ebr t\u2019u rikthyer n\u00eb sall\u00ebn e gjyqit.<\/span><\/div>\n<div class=\"inner\"><span style=\"font-size: 14px;\">\u201cJam nisur pa lejen e doktorit, kam ardhur n\u00eb Shqip\u00ebri t\u00eb takoja miqt\u00eb dhe t\u00eb shkoj dhe nj\u00ebher\u00eb n\u00eb sall\u00eb. Kam nisur gjyqet derisa t\u00eb m\u00eb vij\u00eb dita p\u00ebr n\u00eb spital. Kam ardhur t\u00eb punoj, tani kujdesem me ushqimin, l\u00ebvizjet. Nuk jam m\u00eb ai Saimiri q\u00eb nervozohesha, kam fituar nj\u00eb qet\u00ebsi q\u00eb ia uroj dhe koleg\u00ebve, sepse stresi \u00ebsht\u00eb e keqja m\u00eb e madhe\u201d.<\/span><\/div>\n<\/article>\n<\/div>\n<div class=\"gsh-embed\">\n<article class=\"story-block align-left image-align-left valign-horizontal strip\">\n<div class=\"inner\"><span style=\"font-size: 14px;\">Visha jep nj\u00eb k\u00ebshill\u00eb p\u00ebr koleg\u00ebt dhe p\u00ebr t\u00eb gjith\u00eb ndjek\u00ebsit: <\/span><span style=\"font-size: 14px;\">\u201cNuk kam pasur njeri n\u00eb fis, kam qen\u00eb n\u00eb nj\u00eb stres t\u00eb papar\u00eb, derisa kam r\u00ebn\u00eb n\u00eb koma. Nuk dija \u00e7far\u00eb ndodhte. Kam qen\u00eb tre her\u00eb n\u00eb koma. Aktualisht jam mir\u00eb, do t\u00eb b\u00ebhem m\u00eb mir\u00eb derisa t\u00eb vrapoj. Mos u ngarkoni me stres, ngarkoni veten me dashuri\u201d.<\/span><\/div>\n<\/article>\n<\/div>\n","protected":false},"excerpt":{"rendered":"<p>Avokati Sajmir Visha, n\u00eb nj\u00eb intervist\u00eb p\u00ebr \u201cFtes\u00eb n\u00eb 5\u201d, rr\u00ebfeu betej\u00ebn m\u00eb t\u00eb r\u00ebnd\u00ebsishme t\u00eb jet\u00ebs s\u00eb tij, p\u00ebrballjen me kancerin. Visha pranoi se p\u00ebr shkak t\u00eb neglizhenc\u00ebs ndaj sh\u00ebndetit, nuk e diagnostikoi s\u00ebmundjen n\u00eb koh\u00eb. Ai tha se ka r\u00ebn\u00eb tre her\u00eb n\u00eb kom\u00eb, nd\u00ebrsa kurimi n\u00eb Itali dhe SHBA \u2018e riktheu\u2019 n\u00eb<\/p>\n","protected":false},"author":1,"featured_media":11926,"comment_status":"open","ping_status":"open","sticky":false,"template":"","format":"standard","meta":{"footnotes":""},"categories":[10],"tags":[],"class_list":{"0":"post-11925","1":"post","2":"type-post","3":"status-publish","4":"format-standard","5":"has-post-thumbnail","7":"category-showbiz"},"_links":{"self":[{"href":"https:\/\/revistatrend.com\/index.php\/wp-json\/wp\/v2\/posts\/11925","targetHints":{"allow":["GET"]}}],"collection":[{"href":"https:\/\/revistatrend.com\/index.php\/wp-json\/wp\/v2\/posts"}],"about":[{"href":"https:\/\/revistatrend.com\/index.php\/wp-json\/wp\/v2\/types\/post"}],"author":[{"embeddable":true,"href":"https:\/\/revistatrend.com\/index.php\/wp-json\/wp\/v2\/users\/1"}],"replies":[{"embeddable":true,"href":"https:\/\/revistatrend.com\/index.php\/wp-json\/wp\/v2\/comments?post=11925"}],"version-history":[{"count":1,"href":"https:\/\/revistatrend.com\/index.php\/wp-json\/wp\/v2\/posts\/11925\/revisions"}],"predecessor-version":[{"id":11927,"href":"https:\/\/revistatrend.com\/index.php\/wp-json\/wp\/v2\/posts\/11925\/revisions\/11927"}],"wp:featuredmedia":[{"embeddable":true,"href":"https:\/\/revistatrend.com\/index.php\/wp-json\/wp\/v2\/media\/11926"}],"wp:attachment":[{"href":"https:\/\/revistatrend.com\/index.php\/wp-json\/wp\/v2\/media?parent=11925"}],"wp:term":[{"taxonomy":"category","embeddable":true,"href":"https:\/\/revistatrend.com\/index.php\/wp-json\/wp\/v2\/categories?post=11925"},{"taxonomy":"post_tag","embeddable":true,"href":"https:\/\/revistatrend.com\/index.php\/wp-json\/wp\/v2\/tags?post=11925"}],"curies":[{"name":"wp","href":"https:\/\/api.w.org\/{rel}","templated":true}]}}