{"id":12050,"date":"2025-09-30T13:20:09","date_gmt":"2025-09-30T13:20:09","guid":{"rendered":"https:\/\/revistatrend.com\/?p=12050"},"modified":"2025-09-30T13:20:09","modified_gmt":"2025-09-30T13:20:09","slug":"ne-perputhje-me-kerkesen-per-suv-me-te-perballueshem-land-rover-planifikon-nje-version-me-te-vogel-te-defender","status":"publish","type":"post","link":"https:\/\/revistatrend.com\/index.php\/2025\/09\/30\/ne-perputhje-me-kerkesen-per-suv-me-te-perballueshem-land-rover-planifikon-nje-version-me-te-vogel-te-defender\/","title":{"rendered":"N\u00eb p\u00ebrputhje me k\u00ebrkes\u00ebn p\u00ebr SUV m\u00eb t\u00eb p\u00ebrballuesh\u00ebm, Land Rover planifikon nj\u00eb version m\u00eb t\u00eb vog\u00ebl t\u00eb &#8216;Defender&#8217;"},"content":{"rendered":"<p>Land Rover ka zbuluar planet p\u00ebr krijimin e nj\u00eb versioni m\u00eb t\u00eb vog\u00ebl t\u00eb famshmit Defender, nj\u00eb SUV t\u00eb cilin pritet ta quajn\u00eb &#8220;Baby Defender&#8221;, q\u00eb do t\u00eb dal\u00eb n\u00eb treg m\u00eb 2027. Ky model i ri \u00ebsht\u00eb nj\u00eb p\u00ebrgjigje ndaj k\u00ebrkesave p\u00ebr SUV m\u00eb t\u00eb kompakta dhe m\u00eb t\u00eb p\u00ebrballueshme, nd\u00ebrkoh\u00eb q\u00eb ruan ADN-n\u00eb e karakteristikave t\u00eb forta dhe t\u00eb q\u00ebndrueshme q\u00eb ka b\u00ebr\u00eb Defender nj\u00eb ikonik n\u00eb treg<\/p>\n<p>T\u00eb dh\u00ebnat e para p\u00ebr modelin e ri sugjerojn\u00eb se &#8220;Baby Defender&#8221; do t\u00eb ruaj\u00eb shum\u00eb nga element\u00ebt e dizajnit t\u00eb klasikut t\u00eb Land Rover, por do t\u00eb ofroj\u00eb nj\u00eb shasi m\u00eb t\u00eb vog\u00ebl dhe m\u00eb t\u00eb p\u00ebrballueshme Modeli i ri pritet t\u00eb jet\u00eb m\u00eb i p\u00ebrshtatsh\u00ebm p\u00ebr p\u00ebrdorimin urban dhe t\u00eb ofroj\u00eb mund\u00ebsi t\u00eb reja p\u00ebr ata q\u00eb k\u00ebrkojn\u00eb nj\u00eb Defender me nj\u00eb \u00e7mim m\u00eb t\u00eb arritsh\u00ebm.<\/p>\n<p>Kjo makin\u00eb do t\u00eb p\u00ebrdor\u00eb nj\u00eb platform\u00eb t\u00eb re q\u00eb do t\u00eb lejoj\u00eb zhvillimin e nj\u00eb motori hibrid dhe potencialisht edhe nj\u00eb version plot\u00ebsisht elektrik. Kjo tregon angazhimin e Land Rover p\u00ebr t&#8217;u p\u00ebrshtatur me trendet globale p\u00ebr makinat m\u00eb t\u00eb q\u00ebndrueshme dhe miq\u00ebsore me mjedisin. Sipas burimeve, \u201cBaby Defender\u201d mund t\u00eb ofroj\u00eb opsione t\u00eb ndryshme p\u00ebr karburant, duke p\u00ebrfshir\u00eb versione hibride dhe elektrike, me motore t\u00eb fuqish\u00ebm q\u00eb mund t\u00eb ofrojn\u00eb performanc\u00eb t\u00eb shk\u00eblqyer n\u00eb terren dhe rrug\u00eb t\u00eb ashpra.<\/p>\n<p>Edhe pse \u00ebsht\u00eb nj\u00eb version m\u00eb i vog\u00ebl, Land Rover pritet ta mbaj\u00eb DNA-n\u00eb e mark\u00ebs, me aft\u00ebsi t\u00eb shk\u00eblqyera n\u00eb terren \u201cBaby Defender\u201d do t\u00eb ket\u00eb teknologji t\u00eb p\u00ebrparuar p\u00ebr kontrollin e terrenit dhe mund\u00ebsi t\u00eb shumta p\u00ebr manovrueshm\u00ebri dhe stabilitet n\u00eb kushte t\u00eb v\u00ebshtira.<\/p>\n<p>Land Rover ka nisur tashm\u00eb procesin e zhvillimit t\u00eb k\u00ebtij modeli dhe pritet t\u00eb prezantoj\u00eb &#8220;Baby Defender&#8221; n\u00eb vitin 2027 Makina e re pritet t\u00eb jet\u00eb nj\u00eb zgjedhje popullore p\u00ebr ata q\u00eb duan nj\u00eb SUV t\u00eb vog\u00ebl dhe t\u00eb fuqish\u00ebm, duke ruajtur gjithashtu t\u00eb gjitha karakteristikat e siguris\u00eb dhe komoditetit t\u00eb Land Rover.<\/p>\n<p>Ky model ka potencialin t\u00eb jet\u00eb nj\u00eb sukses t\u00eb madh p\u00ebr mark\u00ebn, duke ofruar nj\u00eb alternativ\u00eb t\u00eb shk\u00eblqyer p\u00ebr ata q\u00eb duan nj\u00eb Defender t\u00eb vog\u00ebl dhe t\u00eb p\u00ebrballuesh\u00ebm, pa kompromentuar asnj\u00ebher\u00eb performanc\u00ebn dhe aft\u00ebsit\u00eb e jashtme q\u00eb Land Rover ka ofruar p\u00ebr dekada.<\/p>\n","protected":false},"excerpt":{"rendered":"<p>Land Rover ka zbuluar planet p\u00ebr krijimin e nj\u00eb versioni m\u00eb t\u00eb vog\u00ebl t\u00eb famshmit Defender, nj\u00eb SUV t\u00eb cilin pritet ta quajn\u00eb &#8220;Baby Defender&#8221;, q\u00eb do t\u00eb dal\u00eb n\u00eb treg m\u00eb 2027. Ky model i ri \u00ebsht\u00eb nj\u00eb p\u00ebrgjigje ndaj k\u00ebrkesave p\u00ebr SUV m\u00eb t\u00eb kompakta dhe m\u00eb t\u00eb p\u00ebrballueshme, nd\u00ebrkoh\u00eb q\u00eb ruan ADN-n\u00eb<\/p>\n","protected":false},"author":1,"featured_media":12051,"comment_status":"open","ping_status":"open","sticky":false,"template":"","format":"standard","meta":{"footnotes":""},"categories":[9],"tags":[],"class_list":{"0":"post-12050","1":"post","2":"type-post","3":"status-publish","4":"format-standard","5":"has-post-thumbnail","7":"category-travel"},"_links":{"self":[{"href":"https:\/\/revistatrend.com\/index.php\/wp-json\/wp\/v2\/posts\/12050","targetHints":{"allow":["GET"]}}],"collection":[{"href":"https:\/\/revistatrend.com\/index.php\/wp-json\/wp\/v2\/posts"}],"about":[{"href":"https:\/\/revistatrend.com\/index.php\/wp-json\/wp\/v2\/types\/post"}],"author":[{"embeddable":true,"href":"https:\/\/revistatrend.com\/index.php\/wp-json\/wp\/v2\/users\/1"}],"replies":[{"embeddable":true,"href":"https:\/\/revistatrend.com\/index.php\/wp-json\/wp\/v2\/comments?post=12050"}],"version-history":[{"count":1,"href":"https:\/\/revistatrend.com\/index.php\/wp-json\/wp\/v2\/posts\/12050\/revisions"}],"predecessor-version":[{"id":12052,"href":"https:\/\/revistatrend.com\/index.php\/wp-json\/wp\/v2\/posts\/12050\/revisions\/12052"}],"wp:featuredmedia":[{"embeddable":true,"href":"https:\/\/revistatrend.com\/index.php\/wp-json\/wp\/v2\/media\/12051"}],"wp:attachment":[{"href":"https:\/\/revistatrend.com\/index.php\/wp-json\/wp\/v2\/media?parent=12050"}],"wp:term":[{"taxonomy":"category","embeddable":true,"href":"https:\/\/revistatrend.com\/index.php\/wp-json\/wp\/v2\/categories?post=12050"},{"taxonomy":"post_tag","embeddable":true,"href":"https:\/\/revistatrend.com\/index.php\/wp-json\/wp\/v2\/tags?post=12050"}],"curies":[{"name":"wp","href":"https:\/\/api.w.org\/{rel}","templated":true}]}}