{"id":14691,"date":"2026-03-07T14:20:43","date_gmt":"2026-03-07T14:20:43","guid":{"rendered":"https:\/\/revistatrend.com\/?p=14691"},"modified":"2026-03-07T14:34:50","modified_gmt":"2026-03-07T14:34:50","slug":"mbremja-e-se-enjtes-ne-big-brother-vip-u-shnderrua-ne-nje-feste-te-papare-per-shkak-te-dasmes-se-improvizuar-mes-gimbos-dhe-selinit-qe-kurorezuab-dashurine-e-tyre-ne-loje-por-nder","status":"publish","type":"post","link":"https:\/\/revistatrend.com\/index.php\/2026\/03\/07\/mbremja-e-se-enjtes-ne-big-brother-vip-u-shnderrua-ne-nje-feste-te-papare-per-shkak-te-dasmes-se-improvizuar-mes-gimbos-dhe-selinit-qe-kurorezuab-dashurine-e-tyre-ne-loje-por-nder\/","title":{"rendered":"Dasma e Selin dhe Gimbos, postimi i bashk\u00ebshortes s\u00eb Mirit q\u00eb mori v\u00ebmendjen"},"content":{"rendered":"<p><span dir=\"auto\" style=\"vertical-align: inherit;\"><span dir=\"auto\" style=\"vertical-align: inherit;\">Mbr\u00ebmja e s\u00eb cil\u00ebs n\u00eb \u201cBig Brother VIP\u201d u shnd\u00ebrrua n\u00eb nj\u00eb fest\u00eb t\u00eb papar\u00eb p\u00ebr shkak t\u00eb dasm\u00ebs s\u00eb improvizuar mes Gimbos dhe Selinit, q\u00eb kuror\u00ebzuab dashurin\u00eb e tyre n\u00eb loj\u00eb. Por nd\u00ebrsa \u00e7ifti ishte n\u00eb qend\u00ebr t\u00eb gjetjeve, syri i publikut u ndal edhe nj\u00eb tjet\u00ebr banor: Miri.<\/span><\/span><\/p>\n<p><span dir=\"auto\" style=\"vertical-align: inherit;\"><span dir=\"auto\" style=\"vertical-align: inherit;\">Prej jav\u00ebsh, rrjetet sociale dhe mediat kan\u00eb p\u00ebrhapur z\u00ebra p\u00ebr nj\u00eb p\u00eblqim t\u00eb mundsh\u00ebm t\u00eb Mirit ndaj Selin\u00ebs. Gjat\u00eb dasm\u00ebs, q\u00ebndrimi i tij i t\u00ebrhequr, fytyra e ngrysur dhe mungesa e entuziazmit nuk kaluan pa u vendosur re.<\/span><\/span><\/p>\n<p><span dir=\"auto\" style=\"vertical-align: inherit;\"><span dir=\"auto\" style=\"vertical-align: inherit;\">Megjithat\u00eb, n\u00eb kulmin e tyre thashethemeve, ka ardhur nj\u00eb reagim i fort\u00eb nga jasht\u00eb. Bashk\u00ebshortja e Mirit ka vend t\u00eb thyej\u00eb heshtjen p\u00ebrmes nj\u00eb postimi n\u00eb \u201cInstastor, ku ka ndar\u00eb nj\u00eb foto t\u00eb tij nga sht\u00ebpia e \u201cBig Brother VIP\u201d, t\u00eb lidhur me nj\u00eb dedikim t\u00eb shkurt\u00ebr: \u201cYlli i bot\u00ebs ti\u201d.<\/span><\/span><\/p>\n<p><span dir=\"auto\" style=\"vertical-align: inherit;\"><span dir=\"auto\" style=\"vertical-align: inherit;\">Ky postim po b\u00ebhet si nj\u00eb pun\u00eb e fort\u00eb dhe publike p\u00ebr partnerin e saj n\u00eb nj\u00eb moment delikat, por edhe si nj\u00eb p\u00ebrgjigje indirekte ndaj z\u00ebrave q\u00eb aludojn\u00eb p\u00ebr ndjenjat e tij ndaj Selin\u00ebs. Me k\u00ebt\u00eb, ajo duket t\u00eb d\u00ebshmoj\u00eb se marr\u00ebdh\u00ebnia e tire jasht\u00eb sht\u00ebpis\u00eb \u00ebsht\u00eb kjo dhe lejon q\u00eb t\u00eb l\u00ebviz\u00eb brenda veprimeve n\u00eb lidhjet e tyre.<\/span><\/span><\/p>\n","protected":false},"excerpt":{"rendered":"<p>Mbr\u00ebmja e s\u00eb cil\u00ebs n\u00eb \u201cBig Brother VIP\u201d u shnd\u00ebrrua n\u00eb nj\u00eb fest\u00eb t\u00eb papar\u00eb p\u00ebr shkak t\u00eb dasm\u00ebs s\u00eb improvizuar mes Gimbos dhe Selinit, q\u00eb kuror\u00ebzuab dashurin\u00eb e tyre n\u00eb loj\u00eb. Por nd\u00ebrsa \u00e7ifti ishte n\u00eb qend\u00ebr t\u00eb gjetjeve, syri i publikut u ndal edhe nj\u00eb tjet\u00ebr banor: Miri. Prej jav\u00ebsh, rrjetet sociale dhe<\/p>\n","protected":false},"author":1,"featured_media":14692,"comment_status":"open","ping_status":"open","sticky":false,"template":"","format":"standard","meta":{"footnotes":""},"categories":[10],"tags":[],"class_list":{"0":"post-14691","1":"post","2":"type-post","3":"status-publish","4":"format-standard","5":"has-post-thumbnail","7":"category-showbiz"},"_links":{"self":[{"href":"https:\/\/revistatrend.com\/index.php\/wp-json\/wp\/v2\/posts\/14691","targetHints":{"allow":["GET"]}}],"collection":[{"href":"https:\/\/revistatrend.com\/index.php\/wp-json\/wp\/v2\/posts"}],"about":[{"href":"https:\/\/revistatrend.com\/index.php\/wp-json\/wp\/v2\/types\/post"}],"author":[{"embeddable":true,"href":"https:\/\/revistatrend.com\/index.php\/wp-json\/wp\/v2\/users\/1"}],"replies":[{"embeddable":true,"href":"https:\/\/revistatrend.com\/index.php\/wp-json\/wp\/v2\/comments?post=14691"}],"version-history":[{"count":2,"href":"https:\/\/revistatrend.com\/index.php\/wp-json\/wp\/v2\/posts\/14691\/revisions"}],"predecessor-version":[{"id":14700,"href":"https:\/\/revistatrend.com\/index.php\/wp-json\/wp\/v2\/posts\/14691\/revisions\/14700"}],"wp:featuredmedia":[{"embeddable":true,"href":"https:\/\/revistatrend.com\/index.php\/wp-json\/wp\/v2\/media\/14692"}],"wp:attachment":[{"href":"https:\/\/revistatrend.com\/index.php\/wp-json\/wp\/v2\/media?parent=14691"}],"wp:term":[{"taxonomy":"category","embeddable":true,"href":"https:\/\/revistatrend.com\/index.php\/wp-json\/wp\/v2\/categories?post=14691"},{"taxonomy":"post_tag","embeddable":true,"href":"https:\/\/revistatrend.com\/index.php\/wp-json\/wp\/v2\/tags?post=14691"}],"curies":[{"name":"wp","href":"https:\/\/api.w.org\/{rel}","templated":true}]}}